{"id":579,"date":"2020-02-03T11:48:15","date_gmt":"2020-02-03T10:48:15","guid":{"rendered":"http:\/\/architekcidlaklimatu.sarp.warszawa.pl\/?p=579"},"modified":"2022-09-20T08:31:36","modified_gmt":"2022-09-20T06:31:36","slug":"579","status":"publish","type":"post","link":"http:\/\/architekcidlaklimatu.sarp.warszawa.pl\/index.php\/2020\/02\/03\/579\/","title":{"rendered":"Polemika z &#8222;Autoportretem&#8221;"},"content":{"rendered":"\n<p>W numerze 4\/2019 pisma \u201eAutoportret\u201d ukaza\u0142 si\u0119 artyku\u0142 \u201eArchitektura jako rower\u201d \u0141ukasza Wojciechowskiego. Tekst sk\u0142ania do zastanowienia, dyskusji i mo\u017ce r\u00f3wnie\u017c do zmiany powszechnych postaw, zachowa\u0144, przyzwyczaje\u0144, za co nale\u017cy si\u0119 autorowi uznanie i podzi\u0119kowanie.<br>\nJednocze\u015bnie tekst jest mniej lub bardziej bezpo\u015brednim atakiem na architekt\u00f3w i ich aktywno\u015bci zawodowe (i nie tylko). W tek\u015bcie przywo\u0142ana jest nasza \u2013 Ko\u0142a Architektury Zr\u00f3wnowa\u017conej OW SARP &#8211; inicjatywa #architekcidlaklimatu. Postulaty przez nas przedstawione nazwane s\u0105 s\u0142usznymi &#8211; co nas cieszy \u2013 ale tak\u017ce naiwnymi. Drugi przymiotnik cieszy nas mniej, ale si\u0119 nie obra\u017camy. Tak, pewnie jeste\u015bmy nieco idealistyczni i naiwni, ale g\u0142\u0119boko wierzymy, \u017ce bez wyra\u017cenia intencji zmian nie s\u0105 one mo\u017cliwe. <\/p>\n\n\n\n<p>Deklaracja #architekcidlaklimatu jest konsekwencj\u0105 naszej dotychczasowej dzia\u0142alno\u015bci &#8211; indywidualnej, zespo\u0142owej, prowadzonej w ramach jednego z k\u00f3\u0142 OW SARP \u2013 spotka\u0144, dyskusji, konferencji, warsztat\u00f3w oraz innych przedsi\u0119wzi\u0119\u0107. Organizujemy i wsp\u00f3\u0142organizujemy wiele z tych wydarze\u0144. Przede wszystkim maj\u0105 one charakter otwarty, cz\u0119sto edukacyjny, zwi\u0105zany z wymian\u0105 do\u015bwiadcze\u0144 i wiedzy. Stawiali\u015bmy (i wci\u0105\u017c sobie stawiamy) wiele pyta\u0144, uczymy si\u0119, szukamy odpowiedzi. Nie zawsze si\u0119 zgadzamy &#8211; zar\u00f3wno ze sob\u0105 nawzajem jak z otaczaj\u0105cymi nas stereotypami. Nie dla wszystkich z nas architektura zr\u00f3wnowa\u017cona, projektowanie bioklimatyczne czy proklimatyczne oznacza to samo. S\u0105 w\u015br\u00f3d nas m.in. tw\u00f3rcy budynk\u00f3w pasywnych, projektanci obiekt\u00f3w z uwzgl\u0119dnieniem recyklingu i z zastosowaniem materia\u0142\u00f3w naturalnych, entuzja\u015bci certyfikacji wielokryterialnych, pracownicy uczelni bardziej biegli w teorii ni\u017c praktyce, architekci krajobrazu dla kt\u00f3rych zr\u00f3wnowa\u017cone r\u00f3wna si\u0119 zielone i wielu innych. Jeste\u015bmy zwolennikami dzia\u0142a\u0144 partycypacyjnych. To co nas \u0142\u0105czy to ch\u0119\u0107 wsp\u00f3lnych poszukiwa\u0144 i poczucie, \u017ce projektowanie pro\u015brodowiskowe i proklimatyczne trzeba traktowa\u0107 powa\u017cnie, rozmawia\u0107 o nim, szuka\u0107 rozwi\u0105za\u0144. I st\u0105d akcja #architekcidlaklimatu. <\/p>\n\n\n\n<p>Mieli\u015bmy nadziej\u0119, \u017ce zapoznanie si\u0119 przez osoby wra\u017cliwe na sprawy wi\u0105\u017c\u0105ce architektur\u0119 i klimat z przedstawionymi postulatami pozwoli g\u0142\u0119biej zastanowi\u0107 si\u0119 nad problemem i publicznie zadeklarowa\u0107 intencj\u0119 zmian. Dzi\u0119ki naszej akcji architekci, kt\u00f3rzy na co dzie\u0144 zmagaj\u0105 si\u0119 z w\u0105tpliwo\u015bciami i problemami jak uczyni\u0107 \u015brodowisko zbudowane lepszym (tak\u017ce pod wzgl\u0119dem \u015brodowiskowym), maj\u0105 szans\u0119 dowiedzie\u0107 si\u0119, \u017ce nie s\u0105 osamotnieni w swoich w\u0105tpliwo\u015bciach, poszukiwaniach, d\u0105\u017ceniach. A w \u015bwiadomo\u015bci, \u017ce jest si\u0119 w grupie ju\u017c tkwi pewna si\u0142a i zach\u0119ta do dzia\u0142ania. <\/p>\n\n\n\n<p>Zak\u0142adamy, \u017ce Ci, kt\u00f3rzy \u201enakleili sobie na czo\u0142o\u201d stosowny hasztag (cytuj\u0105c nie do ko\u0144ca dos\u0142ownie autora) chc\u0105 zmiany, poszukuj\u0105 rozwi\u0105za\u0144 i stawiaj\u0105 pytania. I cho\u0107 mo\u017ce ich dotychczasowa dzia\u0142alno\u015b\u0107 nie zawsze by\u0142a zr\u00f3wnowa\u017cona w sensie \u015brodowiskowym, to obiecuj\u0105 popraw\u0119. Chodzi tu zatem o udzia\u0142 w kszta\u0142towaniu pozytywnej tendencji a nie ryzykowne \u201eo\u015bwiadczanie o niewinno\u015bci\u201d.<\/p>\n\n\n\n<p>Zazdro\u015bcimy autorowi artyku\u0142u wiary, \u017ce wie, jak powinien by\u0107 urz\u0105dzony \u015bwiat, kt\u00f3ry dobro klimatu, \u015brodowiska i nas wszystkich stawia na pierwszym miejscu. My przyznajemy, \u017ce nie wszystkie kwestie mamy do ko\u0144ca rozpracowane (st\u0105d og\u00f3lne sformu\u0142owania w deklaracji) i nurtuje nas wiele pyta\u0144. Chcieliby\u015bmy przyzna\u0107, \u017ce postawa (kt\u00f3rej nie nazwaliby\u015bmy hipokryzj\u0105) \u201eoklejaj\u0105cych si\u0119 hasztagiem na fejsie wynika z bezsilno\u015bci\u201d. Rzeczywi\u015bcie mo\u017ce tak by\u0107. Jako \u015bwiadomi problemu i szerokiego kontekstu, w kt\u00f3rym dzia\u0142amy, czujemy si\u0119 czasami bezsilni, ulegamy kompromisom. Nasz wp\u0142yw na rzeczywisto\u015b\u0107 mo\u017ce by\u0107 znacz\u0105cy, ale w du\u017cej mierze jest ograniczony. Chcieliby\u015bmy mie\u0107 wi\u0119kszy, ale o tym jak go zyska\u0107 te\u017c ch\u0119tnie z koleg\u0105 architektem \u0141ukaszem Wojciechowskim porozmawiamy \u2013 by\u0107 mo\u017ce nawet w gronie Rady Programowej Autoportretu \u2013 pisma o dobrej przestrzeni. Zapraszamy zatem Autora tekstu w Autoportrecie na spotkanie z Ko\u0142em Architektury Zr\u00f3wnowa\u017conej OW SARP, co pozwoli\u0142oby na szczer\u0105 wymian\u0119 pogl\u0105d\u00f3w i okaza\u0142o si\u0119 zapewne po\u017cytecznym dla wsp\u00f3lnej sprawy. Chcieliby\u015bmy mi\u0119dzy innymi poszuka\u0107 odpowiedzi na wsp\u00f3lnie nurtuj\u0105ce nas pytania: jakie materia\u0142y nale\u017cy uzna\u0107 za \u201ecertyfikowane zielone materia\u0142y budowlane\u201d, czy ka\u017cdy dom jednorodzinny zaprzecza za\u0142o\u017ceniom dzia\u0142a\u0144 proklimatycznych (\u201eArchitekci, kt\u00f3rzy ch\u0119tnie podpisuj\u0105 si\u0119 pod akcj\u0105, maj\u0105 w swoim portfolio na przyk\u0142ad wolnostoj\u0105ce domy jednorodzinne, kt\u00f3re zaprzeczaj\u0105 istotnym za\u0142o\u017ceniom dzia\u0142a\u0144 proklimatycznych\u201d), jaka mo\u017ce by\u0107 rola architekta w dzia\u0142aniach, kt\u00f3re autor okre\u015bla \u201erecyklingiem przestrzeni\u201d i wielow\u0105tkowym jej zagospodarowaniem?<\/p>\n\n\n\n<p>Zgadzamy si\u0119, bez \u017cadnych w\u0105tpliwo\u015bci, z Autorem artyku\u0142u, \u017ce auto zawsze b\u0119dzie mniej ekologiczne ni\u017c rower, \u017ce nale\u017cy adaptowa\u0107 nie burzy\u0107 i \u017ce ma\u0142y bud\u017cet to wyzwanie nie ograniczenie. Poniewa\u017c wiele nas \u0142\u0105czy tym bardziej zapraszamy na spotkanie.<\/p>\n\n\n\n<p>Powy\u017cszy tekst pozwolili\u015bmy sobie wys\u0142a\u0107 do redakcji Autoportretu. Ko\u0142o Architektury Zr\u00f3wnowa\u017conej OW SARP<\/p>\n","protected":false},"excerpt":{"rendered":"<p>W numerze 4\/2019 pisma \u201eAutoportret\u201d ukaza\u0142 si\u0119 artyku\u0142 \u201eArchitektura jako rower\u201d \u0141ukasza Wojciechowskiego. Tekst sk\u0142ania do zastanowienia, dyskusji i mo\u017ce r\u00f3wnie\u017c do zmiany powszechnych postaw, zachowa\u0144, przyzwyczaje\u0144, za co nale\u017cy si\u0119 autorowi uznanie i podzi\u0119kowanie. Jednocze\u015bnie tekst jest mniej lub<span class=\"ellipsis\">&hellip;<\/span><\/p>\n<div class=\"read-more\"><a href=\"http:\/\/architekcidlaklimatu.sarp.warszawa.pl\/index.php\/2020\/02\/03\/579\/\">Czytaj wi\u0119cej <span class=\"screen-reader-text\">Polemika z &#8222;Autoportretem&#8221;<\/span><span class=\"meta-nav\"> &#8250;<\/span><\/a><\/div>\n<p><!-- end of .read-more --><\/p>\n","protected":false},"author":1,"featured_media":0,"comment_status":"closed","ping_status":"closed","sticky":false,"template":"","format":"standard","meta":[],"categories":[1],"tags":[],"_links":{"self":[{"href":"http:\/\/architekcidlaklimatu.sarp.warszawa.pl\/index.php\/wp-json\/wp\/v2\/posts\/579"}],"collection":[{"href":"http:\/\/architekcidlaklimatu.sarp.warszawa.pl\/index.php\/wp-json\/wp\/v2\/posts"}],"about":[{"href":"http:\/\/architekcidlaklimatu.sarp.warszawa.pl\/index.php\/wp-json\/wp\/v2\/types\/post"}],"author":[{"embeddable":true,"href":"http:\/\/architekcidlaklimatu.sarp.warszawa.pl\/index.php\/wp-json\/wp\/v2\/users\/1"}],"replies":[{"embeddable":true,"href":"http:\/\/architekcidlaklimatu.sarp.warszawa.pl\/index.php\/wp-json\/wp\/v2\/comments?post=579"}],"version-history":[{"count":2,"href":"http:\/\/architekcidlaklimatu.sarp.warszawa.pl\/index.php\/wp-json\/wp\/v2\/posts\/579\/revisions"}],"predecessor-version":[{"id":584,"href":"http:\/\/architekcidlaklimatu.sarp.warszawa.pl\/index.php\/wp-json\/wp\/v2\/posts\/579\/revisions\/584"}],"wp:attachment":[{"href":"http:\/\/architekcidlaklimatu.sarp.warszawa.pl\/index.php\/wp-json\/wp\/v2\/media?parent=579"}],"wp:term":[{"taxonomy":"category","embeddable":true,"href":"http:\/\/architekcidlaklimatu.sarp.warszawa.pl\/index.php\/wp-json\/wp\/v2\/categories?post=579"},{"taxonomy":"post_tag","embeddable":true,"href":"http:\/\/architekcidlaklimatu.sarp.warszawa.pl\/index.php\/wp-json\/wp\/v2\/tags?post=579"}],"curies":[{"name":"wp","href":"https:\/\/api.w.org\/{rel}","templated":true}]}}