{"id":585,"date":"2020-03-10T13:47:12","date_gmt":"2020-03-10T12:47:12","guid":{"rendered":"http:\/\/architekcidlaklimatu.sarp.warszawa.pl\/?p=585"},"modified":"2022-09-20T08:32:11","modified_gmt":"2022-09-20T06:32:11","slug":"streaming-ze-spotkania-architektura-kryzysu-klimatycznego-slad-weglowy-budynkow-narzedzia-architekta","status":"publish","type":"post","link":"http:\/\/architekcidlaklimatu.sarp.warszawa.pl\/index.php\/2020\/03\/10\/streaming-ze-spotkania-architektura-kryzysu-klimatycznego-slad-weglowy-budynkow-narzedzia-architekta\/","title":{"rendered":"Streaming ze spotkania ARCHITEKTURA KRYZYSU KLIMATYCZNEGO &#8211; \u015aLAD W\u0118GLOWY BUDYNK\u00d3W \u2013 NARZ\u0118DZIA ARCHITEKTA"},"content":{"rendered":"\n<p>Przypominaj\u0105c o spotkaniu Architektura Klimatu Klimatycznego &#8211; \u015alad w\u0119glowy budynk\u00f3w &#8211; narz\u0119dzia architekta w Warszawskim Pawilonie Architektury ZODIAK w \u015brod\u0119 11 marca 2020 o godzinie 18.00 informujemy jednocze\u015bnie, \u017ce w zwi\u0105zku z dzisiejszym apelem Wojewody organizatorzy przygotowuj\u0105 streaming (transmisj\u0119) dla wszystkich os\u00f3b, kt\u00f3re chc\u0105 unikn\u0105\u0107 potencjalnego ryzyka zwi\u0105zanego z przebywaniem w przestrzeni publicznej.<\/p>\n\n\n\n<p>Streaming b\u0119dzie mia\u0142 form\u0119 relacji na \u017cywo na stronie wydarzenia na FB.<br>Link do wydarzenia: <a href=\"https:\/\/www.facebook.com\/events\/195549784875007\/?acontext=%7B%22source%22%3A3%2C%22source_newsfeed_story_type%22%3A%22regular%22%2C%22action_history%22%3A%22%5B%7B%5C%22surface%5C%22%3A%5C%22newsfeed%5C%22%2C%5C%22mechanism%5C%22%3A%5C%22feed_story%5C%22%2C%5C%22extra_data%5C%22%3A%5B%5D%7D%5D%22%2C%22has_source%22%3Atrue%7D&amp;source=3&amp;source_newsfeed_story_type=regular&amp;action_history=%5B%7B%22surface%22%3A%22newsfeed%22%2C%22mechanism%22%3A%22feed_story%22%2C%22extra_data%22%3A%5B%5D%7D%5D&amp;has_source=1&amp;__tn__=K-R-R-R&amp;eid=ARAWvsIVWIzL7pah1jbz3FWMfzwb55ySQOY1owpEesnUbXVc5Lgp80T1WJENHxt8jR4nmF89WogxIyEa&amp;fref=mentions&amp;__xts__%5B0%5D=68.ARAGopU6-8ya3nvDNzEh03YBqloyZGf_qJNoSOLjbvVN54Cj3Ltbudu0ncTCjN_wqMfX5PyenVZa-7QyDOXQEQ18cKPmEbe5vxO4I8TiAjdSCBf2pIBdkg3vaUqZSfpjXePTQDyvXSWQcCBqPfdbOj31hQUTQxQi81w0pC5N7qE-Hm5iF9lzxn1s3-ugKGmO0En3bm2TcZO7VJ13ridETumU3lS2UiqeLzZzMThAil6ejT2qMIlm9FJAOuJdC53XJ4Dm7AzVdMdJkKIKu226DNmMIAixxwvBy_yjjY8KQuogeXPwP3ei0P1bn_I2y3l-bPnu\">https:\/\/www.facebook.com\/events\/195549784875007\/<\/a><\/p>\n","protected":false},"excerpt":{"rendered":"<p>Przypominaj\u0105c o spotkaniu Architektura Klimatu Klimatycznego &#8211; \u015alad w\u0119glowy budynk\u00f3w &#8211; narz\u0119dzia architekta w Warszawskim Pawilonie Architektury ZODIAK w \u015brod\u0119 11 marca 2020 o godzinie 18.00 informujemy jednocze\u015bnie, \u017ce w zwi\u0105zku z dzisiejszym apelem Wojewody organizatorzy przygotowuj\u0105 streaming (transmisj\u0119) dla<span class=\"ellipsis\">&hellip;<\/span><\/p>\n<div class=\"read-more\"><a href=\"http:\/\/architekcidlaklimatu.sarp.warszawa.pl\/index.php\/2020\/03\/10\/streaming-ze-spotkania-architektura-kryzysu-klimatycznego-slad-weglowy-budynkow-narzedzia-architekta\/\">Czytaj wi\u0119cej <span class=\"screen-reader-text\">Streaming ze spotkania ARCHITEKTURA KRYZYSU KLIMATYCZNEGO &#8211; \u015aLAD W\u0118GLOWY BUDYNK\u00d3W \u2013 NARZ\u0118DZIA ARCHITEKTA<\/span><span class=\"meta-nav\"> &#8250;<\/span><\/a><\/div>\n<p><!-- end of .read-more --><\/p>\n","protected":false},"author":1,"featured_media":0,"comment_status":"closed","ping_status":"closed","sticky":false,"template":"","format":"standard","meta":[],"categories":[1],"tags":[],"_links":{"self":[{"href":"http:\/\/architekcidlaklimatu.sarp.warszawa.pl\/index.php\/wp-json\/wp\/v2\/posts\/585"}],"collection":[{"href":"http:\/\/architekcidlaklimatu.sarp.warszawa.pl\/index.php\/wp-json\/wp\/v2\/posts"}],"about":[{"href":"http:\/\/architekcidlaklimatu.sarp.warszawa.pl\/index.php\/wp-json\/wp\/v2\/types\/post"}],"author":[{"embeddable":true,"href":"http:\/\/architekcidlaklimatu.sarp.warszawa.pl\/index.php\/wp-json\/wp\/v2\/users\/1"}],"replies":[{"embeddable":true,"href":"http:\/\/architekcidlaklimatu.sarp.warszawa.pl\/index.php\/wp-json\/wp\/v2\/comments?post=585"}],"version-history":[{"count":1,"href":"http:\/\/architekcidlaklimatu.sarp.warszawa.pl\/index.php\/wp-json\/wp\/v2\/posts\/585\/revisions"}],"predecessor-version":[{"id":586,"href":"http:\/\/architekcidlaklimatu.sarp.warszawa.pl\/index.php\/wp-json\/wp\/v2\/posts\/585\/revisions\/586"}],"wp:attachment":[{"href":"http:\/\/architekcidlaklimatu.sarp.warszawa.pl\/index.php\/wp-json\/wp\/v2\/media?parent=585"}],"wp:term":[{"taxonomy":"category","embeddable":true,"href":"http:\/\/architekcidlaklimatu.sarp.warszawa.pl\/index.php\/wp-json\/wp\/v2\/categories?post=585"},{"taxonomy":"post_tag","embeddable":true,"href":"http:\/\/architekcidlaklimatu.sarp.warszawa.pl\/index.php\/wp-json\/wp\/v2\/tags?post=585"}],"curies":[{"name":"wp","href":"https:\/\/api.w.org\/{rel}","templated":true}]}}