{"id":632,"date":"2021-01-08T11:18:27","date_gmt":"2021-01-08T10:18:27","guid":{"rendered":"http:\/\/architekcidlaklimatu.sarp.warszawa.pl\/?p=632"},"modified":"2021-12-06T15:41:15","modified_gmt":"2021-12-06T14:41:15","slug":"architektura-kryzysu-klimatycznego-spotkanie-vii-nagroda-architektoniczna-prezydenta-warszawy-za-rozwiazania-proekologiczne","status":"publish","type":"post","link":"http:\/\/architekcidlaklimatu.sarp.warszawa.pl\/index.php\/2021\/01\/08\/architektura-kryzysu-klimatycznego-spotkanie-vii-nagroda-architektoniczna-prezydenta-warszawy-za-rozwiazania-proekologiczne\/","title":{"rendered":"ARCHITEKTURA KRYZYSU KLIMATYCZNEGO. Spotkanie VII &#8211; NAGRODA ARCHITEKTONICZNA PREZYDENTA WARSZAWY ZA ROZWI\u0104ZANIA PROEKOLOGICZNE"},"content":{"rendered":"\n<p>Serdecznie zapraszamy na pierwsze w tym roku wydarzenie z cyklu ARCHITEKTURA KRYZYSU KLIMATYCZNEGO, kt\u00f3re odb\u0119dzie si\u0119 12 stycznia 2021 o godzinie 18.00 na kanale YouTube Warszawskiego Pawilonu Architektury Zodiak.<br>Tytu\u0142 spotkania: <strong>NAGRODA ARCHITEKTONICZNA PREZYDENTA WARSZAWY ZA ROZWI\u0104ZANIA PROEKOLOGICZNE<\/strong>.<\/p>\n\n\n\n<p>Co to znaczy, \u017ce budynek jest proekologiczny? Jak projektowa\u0107 w spos\u00f3b uwzgl\u0119dniaj\u0105cy konsekwencje zmian klimatycznych? Kt\u00f3re rozwi\u0105zania projektowe s\u0105 lepsze w kontek\u015bcie kwestii ekologicznych i klimatycznych? Jak wybra\u0107 z grupy realizacji t\u0119, kt\u00f3ra najlepiej wpisuje si\u0119 w za\u0142o\u017cenia projektowania odpowiedzialnego klimatycznie?<br>Z tymi i innymi pytaniami skonfrontowali si\u0119 eksperci OW SARP zwi\u0105zani z Ko\u0142em Architektury Zr\u00f3wnowa\u017conej, kt\u00f3rzy w ramach wsp\u00f3\u0142pracy z Urz\u0119dem Miasta stworzyli KRYTERIA OCENY REALIZACJI ARCHITEKTONICZNYCH POD K\u0104TEM ROZWI\u0104ZA\u0143 ODPOWIEDZIALNYCH KLIMATYCZNIE dla potrzeb NAGRODY<br>ARCHITEKTONICZNEJ PREZYDENTA m.st. WARSZAWY, a nast\u0119pnie dokonali oceny obiekt\u00f3w-finalist\u00f3w zgodnie ze sformu\u0142owanymi kryteriami.<\/p>\n\n\n\n<p>W spotkaniu m.in. udzia\u0142 wezm\u0105: Marlena Happach (Architekt Miasta, dyrektor Biura Architektury i Planowania Przestrzennego), Rafa\u0142 Mroczkowski, Maciej Nonas, Barbara Kraus-Gali\u0144ska (projektanci I etapu Ekoparku w Ursusie), Stanis\u0142aw Rewski (HRA Architekci, projektant osiedla Mickiewicza II), prof. Piotr Sikorski z Katedry Teledetekcji i Bada\u0144 \u015arodowiska Instytutu In\u017cynierii \u015arodowiska SGGW w Warszawie, dr in\u017c. Jerzy Kwiatkowski (Narodowa Agencja Poszanowania Energii) oraz zwi\u0105zani z prac\u0105 nad kryteriami cz\u0142onkowie Ko\u0142a Architektury Zr\u00f3wnowa\u017conej OW SARP.<\/p>\n\n\n\n<p>Link do wydarzenia na fb: <a href=\"https:\/\/www.facebook.com\/events\/1103573300085650?acontext=%7B%22event_action_history%22%3A[%7B%22mechanism%22%3A%22search_results%22%2C%22surface%22%3A%22search%22%7D]%7D\" target=\"_blank\" rel=\"noreferrer noopener\">https:\/\/www.facebook.com\/events\/1103573300085650?acontext=%7B%22event_action_history%22%3A[%7B%22mechanism%22%3A%22search_results%22%2C%22surface%22%3A%22search%22%7D]%7D<\/a><\/p>\n\n\n\n<p>Wydarzenie mo\u017cna te\u017c ogl\u0105da\u0107 na kanale YouTube: <a href=\"https:\/\/youtu.be\/QI9lTbeRdR8\" target=\"_blank\" rel=\"noreferrer noopener\">https:\/\/youtu.be\/QI9lTbeRdR8<\/a><\/p>\n\n\n\n<figure class=\"wp-block-image size-large\"><img decoding=\"async\" loading=\"lazy\" width=\"1024\" height=\"608\" src=\"http:\/\/architekcidlaklimatu.sarp.warszawa.pl\/wp-content\/uploads\/2021\/01\/AKKVII-1024x608.jpg\" alt=\"\" class=\"wp-image-633\" srcset=\"http:\/\/architekcidlaklimatu.sarp.warszawa.pl\/wp-content\/uploads\/2021\/01\/AKKVII-1024x608.jpg 1024w, http:\/\/architekcidlaklimatu.sarp.warszawa.pl\/wp-content\/uploads\/2021\/01\/AKKVII-300x178.jpg 300w, http:\/\/architekcidlaklimatu.sarp.warszawa.pl\/wp-content\/uploads\/2021\/01\/AKKVII-768x456.jpg 768w, http:\/\/architekcidlaklimatu.sarp.warszawa.pl\/wp-content\/uploads\/2021\/01\/AKKVII-1536x911.jpg 1536w, http:\/\/architekcidlaklimatu.sarp.warszawa.pl\/wp-content\/uploads\/2021\/01\/AKKVII-2048x1215.jpg 2048w, http:\/\/architekcidlaklimatu.sarp.warszawa.pl\/wp-content\/uploads\/2021\/01\/AKKVII-100x59.jpg 100w, http:\/\/architekcidlaklimatu.sarp.warszawa.pl\/wp-content\/uploads\/2021\/01\/AKKVII-150x89.jpg 150w, http:\/\/architekcidlaklimatu.sarp.warszawa.pl\/wp-content\/uploads\/2021\/01\/AKKVII-200x119.jpg 200w, http:\/\/architekcidlaklimatu.sarp.warszawa.pl\/wp-content\/uploads\/2021\/01\/AKKVII-450x267.jpg 450w, http:\/\/architekcidlaklimatu.sarp.warszawa.pl\/wp-content\/uploads\/2021\/01\/AKKVII-600x356.jpg 600w, http:\/\/architekcidlaklimatu.sarp.warszawa.pl\/wp-content\/uploads\/2021\/01\/AKKVII-900x534.jpg 900w\" sizes=\"(max-width: 1024px) 100vw, 1024px\" \/><\/figure>\n","protected":false},"excerpt":{"rendered":"<p>Serdecznie zapraszamy na pierwsze w tym roku wydarzenie z cyklu ARCHITEKTURA KRYZYSU KLIMATYCZNEGO, kt\u00f3re odb\u0119dzie si\u0119 12 stycznia 2021 o godzinie 18.00 na kanale YouTube Warszawskiego Pawilonu Architektury Zodiak.Tytu\u0142 spotkania: NAGRODA ARCHITEKTONICZNA PREZYDENTA WARSZAWY ZA ROZWI\u0104ZANIA PROEKOLOGICZNE. Co to znaczy,<span class=\"ellipsis\">&hellip;<\/span><\/p>\n<div class=\"read-more\"><a href=\"http:\/\/architekcidlaklimatu.sarp.warszawa.pl\/index.php\/2021\/01\/08\/architektura-kryzysu-klimatycznego-spotkanie-vii-nagroda-architektoniczna-prezydenta-warszawy-za-rozwiazania-proekologiczne\/\">Czytaj wi\u0119cej <span class=\"screen-reader-text\">ARCHITEKTURA KRYZYSU KLIMATYCZNEGO. Spotkanie VII &#8211; NAGRODA ARCHITEKTONICZNA PREZYDENTA WARSZAWY ZA ROZWI\u0104ZANIA PROEKOLOGICZNE<\/span><span class=\"meta-nav\"> &#8250;<\/span><\/a><\/div>\n<p><!-- end of .read-more --><\/p>\n","protected":false},"author":1,"featured_media":0,"comment_status":"closed","ping_status":"closed","sticky":false,"template":"","format":"standard","meta":[],"categories":[1],"tags":[],"_links":{"self":[{"href":"http:\/\/architekcidlaklimatu.sarp.warszawa.pl\/index.php\/wp-json\/wp\/v2\/posts\/632"}],"collection":[{"href":"http:\/\/architekcidlaklimatu.sarp.warszawa.pl\/index.php\/wp-json\/wp\/v2\/posts"}],"about":[{"href":"http:\/\/architekcidlaklimatu.sarp.warszawa.pl\/index.php\/wp-json\/wp\/v2\/types\/post"}],"author":[{"embeddable":true,"href":"http:\/\/architekcidlaklimatu.sarp.warszawa.pl\/index.php\/wp-json\/wp\/v2\/users\/1"}],"replies":[{"embeddable":true,"href":"http:\/\/architekcidlaklimatu.sarp.warszawa.pl\/index.php\/wp-json\/wp\/v2\/comments?post=632"}],"version-history":[{"count":2,"href":"http:\/\/architekcidlaklimatu.sarp.warszawa.pl\/index.php\/wp-json\/wp\/v2\/posts\/632\/revisions"}],"predecessor-version":[{"id":636,"href":"http:\/\/architekcidlaklimatu.sarp.warszawa.pl\/index.php\/wp-json\/wp\/v2\/posts\/632\/revisions\/636"}],"wp:attachment":[{"href":"http:\/\/architekcidlaklimatu.sarp.warszawa.pl\/index.php\/wp-json\/wp\/v2\/media?parent=632"}],"wp:term":[{"taxonomy":"category","embeddable":true,"href":"http:\/\/architekcidlaklimatu.sarp.warszawa.pl\/index.php\/wp-json\/wp\/v2\/categories?post=632"},{"taxonomy":"post_tag","embeddable":true,"href":"http:\/\/architekcidlaklimatu.sarp.warszawa.pl\/index.php\/wp-json\/wp\/v2\/tags?post=632"}],"curies":[{"name":"wp","href":"https:\/\/api.w.org\/{rel}","templated":true}]}}