{"id":649,"date":"2021-06-22T09:31:32","date_gmt":"2021-06-22T07:31:32","guid":{"rendered":"http:\/\/architekcidlaklimatu.sarp.warszawa.pl\/?p=649"},"modified":"2021-12-06T15:40:10","modified_gmt":"2021-12-06T14:40:10","slug":"architektura-kryzysu-klimatycznego-pt-natura-naturalnie","status":"publish","type":"post","link":"http:\/\/architekcidlaklimatu.sarp.warszawa.pl\/index.php\/2021\/06\/22\/architektura-kryzysu-klimatycznego-pt-natura-naturalnie\/","title":{"rendered":"ARCHITEKTURA KRYZYSU KLIMATYCZNEGO, pt. Natura naturalnie"},"content":{"rendered":"\n<p>Serdecznie&nbsp;zapraszamy na kolejne spotkanie z cyklu ARCHITEKTURA KRYZYSU KLIMATYCZNEGO, pt.&nbsp;<strong><em>Natura naturalnie<\/em><\/strong>,&nbsp;kt\u00f3re odb\u0119dzie si\u0119 22.06.2021 o 18.00 na kanale YouTube\u2019owym Warszawskiego Pawilonu Architektury Zodiak.<\/p>\n\n\n\n<p>YouTube: <a href=\"https:\/\/www.youtube.com\/watch?v=S48OdrTt_7o&amp;t=5450s\" target=\"_blank\" rel=\"noreferrer noopener\">https:\/\/www.youtube.com\/watch?v=S48OdrTt_7o&amp;t=5450s<\/a><\/p>\n\n\n\n<p>Facebook:<a rel=\"noreferrer noopener\" href=\"https:\/\/www.facebook.com\/events\/224093972863692\/\" target=\"_blank\">https:\/\/www.facebook.com\/events\/224093972863692\/<\/a><\/p>\n\n\n\n<p>Na spotkaniu porozmawiamy o wsp\u00f3\u0142czesnych potrzebach ochrony zasob\u00f3w naturalnych w kontek\u015bcie intensywnej zabudowy miejskiej. Razem z go\u015b\u0107mi b\u0119dziemy zastanawia\u0107 si\u0119 jak w praktyce projektowej&nbsp;przywraca\u0107, odtwarza\u0107 oraz&nbsp;chroni\u0107 i dba\u0107 o zasoby naturalne.<br>Naszymi go\u015b\u0107mi b\u0119d\u0105:<br><strong>dr Przemys\u0142aw Wolski<\/strong>, architekt krajobrazu, projektant, wieloletni wyk\u0142adowca&nbsp;na kierunku architektura krajobrazu SGGW oraz m.in. Purdue University (USA) \u2013&nbsp;poruszy temat konsekwencji dzia\u0142a\u0144 projektowych oraz&nbsp;odpowiedzialno\u015bci&nbsp;wobec \u015brodowiska.<br><strong>Justyna Dziedziejko i Magdalena Wn\u0119k&nbsp;<\/strong>architektki krajobrazu z pracowni&nbsp;<strong>topoScape &#8211;&nbsp;<\/strong>zaprezentuj\u0105 mo\u017cliwo\u015b\u0107 budowania&nbsp;<strong><em>naturalnie &#8211; tego co nienaturalne<\/em><\/strong>&nbsp;&#8211;&nbsp;na&nbsp;&nbsp;tworzeniu zielonej to\u017csamo\u015bci w zabudowie wielorodzinnej.<br><strong>Alicja Tomaszewicz &#8211; Ginter i Tomasz Ginter&nbsp;&nbsp;<\/strong>architekci z pracowni Trektura, poka\u017c\u0105 now\u0105 perspektyw\u0119 dla wsp\u00f3\u0142czesnej mobilno\u015bci \u2013 zaprezentuj\u0105&nbsp;<strong><em>naturalnie nietypowy<\/em><\/strong>, przyjazny \u015brodowisku parking P+R.<\/p>\n\n\n\n<p>Organizatorzy: Ko\u0142o Zr\u00f3wnowa\u017conej Architektury OW SARP, Zodiak Warszawski Pawilon Architektury, Mazowiecka Okr\u0119gowa Izba Architekt\u00f3w RP.<\/p>\n\n\n\n<p>Zapraszamy do ogl\u0105dania i udzia\u0142u w dyskusji!<\/p>\n","protected":false},"excerpt":{"rendered":"<p>Serdecznie&nbsp;zapraszamy na kolejne spotkanie z cyklu ARCHITEKTURA KRYZYSU KLIMATYCZNEGO, pt.&nbsp;Natura naturalnie,&nbsp;kt\u00f3re odb\u0119dzie si\u0119 22.06.2021 o 18.00 na kanale YouTube\u2019owym Warszawskiego Pawilonu Architektury Zodiak. YouTube: https:\/\/www.youtube.com\/watch?v=S48OdrTt_7o&amp;t=5450s Facebook:https:\/\/www.facebook.com\/events\/224093972863692\/ Na spotkaniu porozmawiamy o wsp\u00f3\u0142czesnych potrzebach ochrony zasob\u00f3w naturalnych w kontek\u015bcie intensywnej zabudowy miejskiej.<span class=\"ellipsis\">&hellip;<\/span><\/p>\n<div class=\"read-more\"><a href=\"http:\/\/architekcidlaklimatu.sarp.warszawa.pl\/index.php\/2021\/06\/22\/architektura-kryzysu-klimatycznego-pt-natura-naturalnie\/\">Czytaj wi\u0119cej <span class=\"screen-reader-text\">ARCHITEKTURA KRYZYSU KLIMATYCZNEGO, pt. Natura naturalnie<\/span><span class=\"meta-nav\"> &#8250;<\/span><\/a><\/div>\n<p><!-- end of .read-more --><\/p>\n","protected":false},"author":1,"featured_media":650,"comment_status":"closed","ping_status":"closed","sticky":false,"template":"","format":"standard","meta":[],"categories":[1],"tags":[],"_links":{"self":[{"href":"http:\/\/architekcidlaklimatu.sarp.warszawa.pl\/index.php\/wp-json\/wp\/v2\/posts\/649"}],"collection":[{"href":"http:\/\/architekcidlaklimatu.sarp.warszawa.pl\/index.php\/wp-json\/wp\/v2\/posts"}],"about":[{"href":"http:\/\/architekcidlaklimatu.sarp.warszawa.pl\/index.php\/wp-json\/wp\/v2\/types\/post"}],"author":[{"embeddable":true,"href":"http:\/\/architekcidlaklimatu.sarp.warszawa.pl\/index.php\/wp-json\/wp\/v2\/users\/1"}],"replies":[{"embeddable":true,"href":"http:\/\/architekcidlaklimatu.sarp.warszawa.pl\/index.php\/wp-json\/wp\/v2\/comments?post=649"}],"version-history":[{"count":3,"href":"http:\/\/architekcidlaklimatu.sarp.warszawa.pl\/index.php\/wp-json\/wp\/v2\/posts\/649\/revisions"}],"predecessor-version":[{"id":663,"href":"http:\/\/architekcidlaklimatu.sarp.warszawa.pl\/index.php\/wp-json\/wp\/v2\/posts\/649\/revisions\/663"}],"wp:featuredmedia":[{"embeddable":true,"href":"http:\/\/architekcidlaklimatu.sarp.warszawa.pl\/index.php\/wp-json\/wp\/v2\/media\/650"}],"wp:attachment":[{"href":"http:\/\/architekcidlaklimatu.sarp.warszawa.pl\/index.php\/wp-json\/wp\/v2\/media?parent=649"}],"wp:term":[{"taxonomy":"category","embeddable":true,"href":"http:\/\/architekcidlaklimatu.sarp.warszawa.pl\/index.php\/wp-json\/wp\/v2\/categories?post=649"},{"taxonomy":"post_tag","embeddable":true,"href":"http:\/\/architekcidlaklimatu.sarp.warszawa.pl\/index.php\/wp-json\/wp\/v2\/tags?post=649"}],"curies":[{"name":"wp","href":"https:\/\/api.w.org\/{rel}","templated":true}]}}