{"id":683,"date":"2023-01-18T14:59:01","date_gmt":"2023-01-18T13:59:01","guid":{"rendered":"http:\/\/architekcidlaklimatu.sarp.warszawa.pl\/?p=683"},"modified":"2023-02-14T10:41:41","modified_gmt":"2023-02-14T09:41:41","slug":"architektura-kryzysu-klimatycznego-dom-jednorodzinny-neutralny-klimatycznie-szacowanie-sladu-weglowego","status":"publish","type":"post","link":"http:\/\/architekcidlaklimatu.sarp.warszawa.pl\/index.php\/2023\/01\/18\/architektura-kryzysu-klimatycznego-dom-jednorodzinny-neutralny-klimatycznie-szacowanie-sladu-weglowego\/","title":{"rendered":"Architektura Kryzysu Klimatycznego, Dom jednorodzinny neutralny klimatycznie \u2013 szacowanie \u015bladu w\u0119glowego"},"content":{"rendered":"\n<p>Serdecznie zapraszamy na&nbsp;kolejne spotkanie z&nbsp;cyklu ARCHITEKTURA KRYZYSU KLIMATYCZNEGO, kt\u00f3re odb\u0119dzie si\u0119 24 stycznia 2023 r. o&nbsp;18.00 w&nbsp;Warszawskim Pawilonie Architektury Zodiak.<br>Tytu\u0142 spotkania:&nbsp;<strong>Dom jednorodzinny neutralny klimatycznie \u2013 szacowanie \u015bladu w\u0119glowego<\/strong>.<\/p>\n\n\n\n<p>W czasie spotkania przeanalizujemy dwa zrealizowane domy jednorodzinne, kt\u00f3re zosta\u0142y nagrodzone w&nbsp;konkursach w&nbsp;2022 r. Zostan\u0105 zaprezentowane przez ich autor\u00f3w.<\/p>\n\n\n\n<ul>\n<li>Dom Kontrastowy \u2013 zwyci\u0119zca konkursu Dom z&nbsp;Klimatem Ministerstwa Klimatu i&nbsp;\u015arodowiska \u2013 arch. Agnieszka Figielek \u2013 PASYWNY M<sup>2<\/sup><\/li>\n\n\n\n<li>Bio_Arka 3 \u2013 laureat PLGBC Green Building Awards \u2013 arch. Tomasz Mielczy\u0144ski \u2013 TXMA.<\/li>\n<\/ul>\n\n\n\n<p><strong>Ponadto w&nbsp;trakcie wydarzenia zostanie zaprezentowany niedawno opublikowany znakomity raport PLGBC: SZACOWANIE \u015aLADU W\u0118GLOWEGO<\/strong>, kt\u00f3ry powsta\u0142 w&nbsp;ramach projektu #BuildingLife prowadzonego przez World Green Building Council i&nbsp;sfinansowany przez Laudes Foundation i&nbsp;IKEA Foundation. Opowie o&nbsp;nim jego wsp\u00f3\u0142autor \u2013 Wiktor Kowalski, Associate, Buro Happold.<\/p>\n\n\n\n<p>Po prezentacjach \u2013 jak zwykle pytania i&nbsp;dyskusja.<\/p>\n\n\n\n<p>Organizatorem spotkania jest&nbsp;<strong>Ko\u0142o Architektury Zr\u00f3wnowa\u017conej OW SARP<\/strong>&nbsp;we wsp\u00f3\u0142pracy z&nbsp;m.st. Warszawa \u2013 Warszawskim Pawilonem Architektury Zodiak.<\/p>\n\n\n\n<p>Uwaga: spotkanie <strong>nie b\u0119dzie transmitowane<\/strong> online \u2013 zapraszamy na&nbsp;\u017cywo do&nbsp;ZODIAKU.<\/p>\n","protected":false},"excerpt":{"rendered":"<p>Serdecznie zapraszamy na&nbsp;kolejne spotkanie z&nbsp;cyklu ARCHITEKTURA KRYZYSU KLIMATYCZNEGO, kt\u00f3re odb\u0119dzie si\u0119 24 stycznia 2023 r. o&nbsp;18.00 w&nbsp;Warszawskim Pawilonie Architektury Zodiak.Tytu\u0142 spotkania:&nbsp;Dom jednorodzinny neutralny klimatycznie \u2013 szacowanie \u015bladu w\u0119glowego. W czasie spotkania przeanalizujemy dwa zrealizowane domy jednorodzinne, kt\u00f3re zosta\u0142y nagrodzone w&nbsp;konkursach<span class=\"ellipsis\">&hellip;<\/span><\/p>\n<div class=\"read-more\"><a href=\"http:\/\/architekcidlaklimatu.sarp.warszawa.pl\/index.php\/2023\/01\/18\/architektura-kryzysu-klimatycznego-dom-jednorodzinny-neutralny-klimatycznie-szacowanie-sladu-weglowego\/\">Czytaj wi\u0119cej <span class=\"screen-reader-text\">Architektura Kryzysu Klimatycznego, Dom jednorodzinny neutralny klimatycznie \u2013 szacowanie \u015bladu w\u0119glowego<\/span><span class=\"meta-nav\"> &#8250;<\/span><\/a><\/div>\n<p><!-- end of .read-more --><\/p>\n","protected":false},"author":1,"featured_media":684,"comment_status":"open","ping_status":"open","sticky":false,"template":"","format":"standard","meta":[],"categories":[1],"tags":[],"_links":{"self":[{"href":"http:\/\/architekcidlaklimatu.sarp.warszawa.pl\/index.php\/wp-json\/wp\/v2\/posts\/683"}],"collection":[{"href":"http:\/\/architekcidlaklimatu.sarp.warszawa.pl\/index.php\/wp-json\/wp\/v2\/posts"}],"about":[{"href":"http:\/\/architekcidlaklimatu.sarp.warszawa.pl\/index.php\/wp-json\/wp\/v2\/types\/post"}],"author":[{"embeddable":true,"href":"http:\/\/architekcidlaklimatu.sarp.warszawa.pl\/index.php\/wp-json\/wp\/v2\/users\/1"}],"replies":[{"embeddable":true,"href":"http:\/\/architekcidlaklimatu.sarp.warszawa.pl\/index.php\/wp-json\/wp\/v2\/comments?post=683"}],"version-history":[{"count":2,"href":"http:\/\/architekcidlaklimatu.sarp.warszawa.pl\/index.php\/wp-json\/wp\/v2\/posts\/683\/revisions"}],"predecessor-version":[{"id":688,"href":"http:\/\/architekcidlaklimatu.sarp.warszawa.pl\/index.php\/wp-json\/wp\/v2\/posts\/683\/revisions\/688"}],"wp:featuredmedia":[{"embeddable":true,"href":"http:\/\/architekcidlaklimatu.sarp.warszawa.pl\/index.php\/wp-json\/wp\/v2\/media\/684"}],"wp:attachment":[{"href":"http:\/\/architekcidlaklimatu.sarp.warszawa.pl\/index.php\/wp-json\/wp\/v2\/media?parent=683"}],"wp:term":[{"taxonomy":"category","embeddable":true,"href":"http:\/\/architekcidlaklimatu.sarp.warszawa.pl\/index.php\/wp-json\/wp\/v2\/categories?post=683"},{"taxonomy":"post_tag","embeddable":true,"href":"http:\/\/architekcidlaklimatu.sarp.warszawa.pl\/index.php\/wp-json\/wp\/v2\/tags?post=683"}],"curies":[{"name":"wp","href":"https:\/\/api.w.org\/{rel}","templated":true}]}}