{"id":694,"date":"2024-09-25T17:29:55","date_gmt":"2024-09-25T15:29:55","guid":{"rendered":"https:\/\/architekcidlaklimatu.sarp.warszawa.pl\/?p=694"},"modified":"2024-09-25T17:29:57","modified_gmt":"2024-09-25T15:29:57","slug":"warszawski-standard-zielonego-budynku","status":"publish","type":"post","link":"http:\/\/architekcidlaklimatu.sarp.warszawa.pl\/index.php\/2024\/09\/25\/warszawski-standard-zielonego-budynku\/","title":{"rendered":"<strong>Warszawski Standard Zielonego Budynku<\/strong>"},"content":{"rendered":"\n<p>         Prezydent Rafa\u0142 Trzaskowski podpisa\u0142 zarz\u0105dzenie wprowadzaj\u0105ce <strong>Warszawski Standard Zielonego Budynku (WSZB)<\/strong>. B\u0119dzie on wkr\u00f3tce obowi\u0105zywa\u0142 wszystkie nowe miejskie inwestycje (szko\u0142y, budynki mieszkaniowe, biblioteki i inne). Ka\u017cdy nowy miejski budynek b\u0119dzie oceniany i sprawdzana b\u0119dzie jego zgodno\u015b\u0107 z wymaganiami standardu. Wymagania te dotycz\u0105 sze\u015bciu obszar\u00f3w \u2013 zieleni i zagospodarowania dzia\u0142ki, gospodarowania wod\u0105, efektywno\u015bci energetycznej, zr\u00f3wnowa\u017conej mobilno\u015bci, gospodarki obiegu zamkni\u0119tego w odniesieniu do materia\u0142\u00f3w i rozwi\u0105za\u0144 budowlanych oraz zdrowia, komfortu i bezpiecze\u0144stwa u\u017cytkownik\u00f3w.\u00a0<\/p>\n\n\n\n<p>          System oceny zgodno\u015bci z WSZB jest efektem tr\u00f3jstronnej wsp\u00f3\u0142pracy<strong> Forum Energii, Biura Ochrony Powietrza i Polityki Klimatycznej m.st. Warszawy<\/strong> oraz <strong>Ko\u0142a Architektury Zr\u00f3wnowa\u017conej Oddzia\u0142u Warszawskiego SARP.<\/strong> Zesp\u00f3\u0142 autor\u00f3w tworzyli: Justyna Biernacka, Piotr Jurkiewicz, Anna Tofiluk, Kinga Zinowiec-Cieplik z Ko\u0142a Architektury Zr\u00f3wnowa\u017conej OW SARP, Jerzy Kwiatkowski z Narodowej Agencji Poszanowania Energii, konsultacji w zakresie B\u0142\u0119kitno-Zielonej Infrastruktury udzieli\u0142y Beata Gawryszewska i Renata Giedych z SGGW.<\/p>\n\n\n\n<p>         W prac\u0119 nad systemem oceny i w nadanie mu ostatecznego kszta\u0142tu zaanga\u017cowanych by\u0142o wiele os\u00f3b i jednostek urz\u0119du m.st. Warszawy. Specjalne podzi\u0119kowania za wsp\u00f3\u0142prac\u0119 nale\u017c\u0105 si\u0119 ca\u0142emu zespo\u0142owi Biura Ochrony Powietrza i Polityki Klimatycznej z dyrektorem Marcinem Gr\u0105dzkim, jego zast\u0119pc\u0105 Jackiem Kisielem oraz Szymonem Ko\u015bcierzy\u0144skim, a tak\u017ce koordynatorce projektu Anicie Cie\u015blickiej z Forum Energii.<\/p>\n\n\n\n<p>         Ju\u017c wkr\u00f3tce odb\u0119d\u0105 si\u0119 spotkania przybli\u017caj\u0105ce za\u0142o\u017cenia standardu, o kt\u00f3rych b\u0119dziemy informowa\u0107.<\/p>\n\n\n\n<p>         Wi\u0119cej informacji o standardzie tu:<\/p>\n\n\n\n<p><a href=\"https:\/\/um.warszawa.pl\/-\/przyjeto-warszawski-standard-zielonego-budynku\">https:\/\/um.warszawa.pl\/-\/przyjeto-warszawski-standard-zielonego-budynku<\/a><\/p>\n\n\n\n<p>         Link do standardu:\u00a0<\/p>\n\n\n\n<p><a href=\"https:\/\/nowy.bip.um.warszawa.pl\/web\/prezydent\/-\/zarzadzenie-nr-1520\/2024-z-2024-09-09\">https:\/\/nowy.bip.um.warszawa.pl\/web\/prezydent\/-\/zarzadzenie-nr-1520\/2024-z-2024-09-09<\/a><\/p>\n\n\n\n<figure class=\"wp-block-image is-resized\"><img decoding=\"async\" loading=\"lazy\" src=\"https:\/\/lh7-rt.googleusercontent.com\/docsz\/AD_4nXcfWq7T2-_qYcQbBTy1yAxRjkNPB5fIRkcK6pWd4cctfFsJV0lnJLU-phTw2p-kCyeTVrbNrhp2N_v79KW3PQMUbzToQtperZBsXKzYNZtwRrURr3E44IpYpJm4g_w0C3wQrCzJBA3P-t5m9YrQcZQTYuRH1sShDtTJje2t_2WX7EMENhZa?key=10KsSMsfSPFIbbgroHN1LQ\" alt=\"\" width=\"506\" height=\"269\"\/><\/figure>\n","protected":false},"excerpt":{"rendered":"<p>Prezydent Rafa\u0142 Trzaskowski podpisa\u0142 zarz\u0105dzenie wprowadzaj\u0105ce Warszawski Standard Zielonego Budynku (WSZB). B\u0119dzie on wkr\u00f3tce obowi\u0105zywa\u0142 wszystkie nowe miejskie inwestycje (szko\u0142y, budynki mieszkaniowe, biblioteki i inne). Ka\u017cdy nowy miejski budynek b\u0119dzie oceniany i sprawdzana b\u0119dzie jego zgodno\u015b\u0107 z wymaganiami standardu. Wymagania<span class=\"ellipsis\">&hellip;<\/span><\/p>\n<div class=\"read-more\"><a href=\"http:\/\/architekcidlaklimatu.sarp.warszawa.pl\/index.php\/2024\/09\/25\/warszawski-standard-zielonego-budynku\/\">Czytaj wi\u0119cej <span class=\"screen-reader-text\"><strong>Warszawski Standard Zielonego Budynku<\/strong><\/span><span class=\"meta-nav\"> &#8250;<\/span><\/a><\/div>\n<p><!-- end of .read-more --><\/p>\n","protected":false},"author":1,"featured_media":0,"comment_status":"open","ping_status":"open","sticky":false,"template":"","format":"standard","meta":[],"categories":[1],"tags":[],"_links":{"self":[{"href":"http:\/\/architekcidlaklimatu.sarp.warszawa.pl\/index.php\/wp-json\/wp\/v2\/posts\/694"}],"collection":[{"href":"http:\/\/architekcidlaklimatu.sarp.warszawa.pl\/index.php\/wp-json\/wp\/v2\/posts"}],"about":[{"href":"http:\/\/architekcidlaklimatu.sarp.warszawa.pl\/index.php\/wp-json\/wp\/v2\/types\/post"}],"author":[{"embeddable":true,"href":"http:\/\/architekcidlaklimatu.sarp.warszawa.pl\/index.php\/wp-json\/wp\/v2\/users\/1"}],"replies":[{"embeddable":true,"href":"http:\/\/architekcidlaklimatu.sarp.warszawa.pl\/index.php\/wp-json\/wp\/v2\/comments?post=694"}],"version-history":[{"count":1,"href":"http:\/\/architekcidlaklimatu.sarp.warszawa.pl\/index.php\/wp-json\/wp\/v2\/posts\/694\/revisions"}],"predecessor-version":[{"id":695,"href":"http:\/\/architekcidlaklimatu.sarp.warszawa.pl\/index.php\/wp-json\/wp\/v2\/posts\/694\/revisions\/695"}],"wp:attachment":[{"href":"http:\/\/architekcidlaklimatu.sarp.warszawa.pl\/index.php\/wp-json\/wp\/v2\/media?parent=694"}],"wp:term":[{"taxonomy":"category","embeddable":true,"href":"http:\/\/architekcidlaklimatu.sarp.warszawa.pl\/index.php\/wp-json\/wp\/v2\/categories?post=694"},{"taxonomy":"post_tag","embeddable":true,"href":"http:\/\/architekcidlaklimatu.sarp.warszawa.pl\/index.php\/wp-json\/wp\/v2\/tags?post=694"}],"curies":[{"name":"wp","href":"https:\/\/api.w.org\/{rel}","templated":true}]}}