{"id":696,"date":"2024-09-29T10:57:05","date_gmt":"2024-09-29T08:57:05","guid":{"rendered":"https:\/\/architekcidlaklimatu.sarp.warszawa.pl\/?p=696"},"modified":"2024-09-29T10:57:07","modified_gmt":"2024-09-29T08:57:07","slug":"warsztaty-pt-woda-w-miescie-zagospodarowanie-wody-deszczowej","status":"publish","type":"post","link":"http:\/\/architekcidlaklimatu.sarp.warszawa.pl\/index.php\/2024\/09\/29\/warsztaty-pt-woda-w-miescie-zagospodarowanie-wody-deszczowej\/","title":{"rendered":"Warsztaty pt. Woda w mie\u015bcie \u2013 zagospodarowanie wody deszczowej"},"content":{"rendered":"\n<p>Zapraszamy na kolejne wydarzenie z cyklu <strong>Architektury dla klimatu<\/strong> pt. <strong>Woda w mie\u015bcie \u2013 zagospodarowanie wody deszczowej, <\/strong>organizowane przez <strong>Ko\u0142o Architektury Zr\u00f3wnowa\u017conej OW SARP.<\/strong><\/p>\n\n\n\n<p>Wydarzenie jest skierowane do architekt\u00f3w, architekt\u00f3w krajobrazu a tak\u017ce urz\u0119dnik\u00f3w miejskich.<\/p>\n\n\n\n<p>Wi\u0119kszo\u015b\u0107 miast oraz teren\u00f3w zurbanizowanych boryka si\u0119 z problemem odprowadzenia nadmiaru wody deszczowej, utrudnionego przez szczelne powierzchnie dach\u00f3w oraz utwardzone nawierzchnie ulic i parking\u00f3w. Rozwi\u0105zaniem uznawanym za najbardziej ekologiczne oraz ekonomiczne jest b\u0142\u0119kitno-zielona infrastruktura, kt\u00f3ra u\u0142atwia retencj\u0119 wody na obszarach miejskich.<\/p>\n\n\n\n<p><strong>B\u0142\u0119kitno-zielona infrastruktura<\/strong> (w skr\u00f3cie BZI) to system rozproszonych rozwi\u0105za\u0144 o r\u00f3\u017cnej skali, kt\u00f3re s\u0142u\u017c\u0105 zagospodarowaniu w\u00f3d opadowych. Inaczej nazywamy je rozwi\u0105zaniami opartymi na przyrodzie (NBS, od ang. Nature-based solutions).<\/p>\n\n\n\n<p>Rozwi\u0105zania te maj\u0105 na celu spowolnienie sp\u0142ywu w\u00f3d opadowych po powierzchni terenu, by w trakcie gwa\u0142townych opad\u00f3w wolniej dociera\u0142y do rzek, zatrzymanie w\u00f3d w miejscu opadu, by odci\u0105\u017ca\u0107 systemy kanalizacji, przeciwdzia\u0142anie podtopieniom i suszy.<\/p>\n\n\n\n<p>Przyk\u0142adami rozwi\u0105za\u0144 opartych na przyrodzie s\u0105: rowy bioretencyjne, stawy i niecki, ogrody deszczowe, zadrzewienia, \u0142\u0105ki kwietne, zielone nawierzchnie przepuszczalne.<\/p>\n\n\n\n<p>Maj\u0105c na uwadze wyzwania zwi\u0105zane z umiej\u0119tnym rozprowadzaniem wody opadowej, <strong>Ko\u0142o Architektury Zr\u00f3wnowa\u017conej <\/strong>postanowi\u0142o zorganizowa\u0107 warsztaty podzielone na cz\u0119\u015b\u0107 teoretyczn\u0105 oraz praktyczn\u0105. G\u0142\u00f3wnym celem organizator\u00f3w jest promowanie postawy proekologicznej oraz odpowiedzialnego projektowania i \u015bwiadomo\u015bci d\u0142ugotrwa\u0142ych skutk\u00f3w decyzji projektowych.<\/p>\n\n\n\n<p>Spotkanie rozpocznie si\u0119 od prezentacji <strong>arch. Joanny Rayss<\/strong> odno\u015bnie problematyki oraz rozwi\u0105za\u0144 dla sprawnego zagospodarowania wody.<\/p>\n\n\n\n<p>Kilka s\u0142\u00f3w o prowadz\u0105cej;<\/p>\n\n\n\n<p><strong>Joanna Rayss &#8211; Dr in\u017c. arch. krajobrazu,<\/strong> ekspert w zakresie wdra\u017cania element\u00f3w b\u0142\u0119kitno-zielonej infrastruktury oraz system\u00f3w powierzchniowej retencji miejskiej jako narz\u0119dzi w mitygacji zmian klimatu.<\/p>\n\n\n\n<ul>\n<li>Wsp\u00f3\u0142autorka ksi\u0105\u017cki: System powierzchniowej retencji miejskiej w adaptacji miast do zmian klimatu \u2013 od wizji do wdro\u017cenia.<\/li>\n\n\n\n<li>Specjalista ds. ma\u0142ej retencji w gda\u0144skiej sp\u00f3\u0142ce komunalnej <strong>Gda\u0144skie Wody<\/strong>, gdzie mia\u0142a okazj\u0119 wp\u0142ywa\u0107 na zmian\u0119 miejskiej polityki zarz\u0105dzania wod\u0105 opadow\u0105 w kierunku wykorzystania zasad ekohydrologii, ekologii miasta i us\u0142ug ekosystem\u00f3w.<\/li>\n\n\n\n<li>W latach 2009-2020 prowadzi\u0142a autorsk\u0105 pracowni\u0119 projektow\u0105 <strong>Zieleniarium.<\/strong><\/li>\n\n\n\n<li>Cz\u0142onkini Zarz\u0105du<strong> Stowarzyszenia Architektury Krajobrazu<\/strong><\/li>\n\n\n\n<li>Od 2019 r. wsp\u00f3\u0142w\u0142a\u015bcicielka <strong>Rayss Group<\/strong>, biura architektury kt\u00f3re jest pionierem w rozwi\u0105zaniach projektowych umo\u017cliwiaj\u0105cych naturalne zagospodarowanie w\u00f3d opadowych na terenach inwestycji, kt\u00f3re zosta\u0142y nagrodzone w Polsce oraz Europie.<\/li>\n\n\n\n<li>Wsp\u00f3\u0142autorka m.in. projektu Parku Po\u0142udniowego w Gda\u0144sku oraz Osiedla Beauforta na Pog\u00f3rzu.<\/li>\n<\/ul>\n\n\n\n<p>Na uczestnik\u00f3w czekaj\u0105 warsztaty, podczas kt\u00f3rych b\u0119d\u0105 musieli rozwi\u0105za\u0107 kwesti\u0119 odprowadzenia wody deszczowej z dach\u00f3w oraz powierzchni utwardzonych na teren inwestycji.&nbsp;<\/p>\n\n\n\n<p>Opracowanie wykonywane b\u0119dzie na przyk\u0142adzie trzech typologii projekt\u00f3w \u2013 kompleksu zabudowy wielorodzinnej, budynku u\u017cyteczno\u015bci publicznej, budynku biurowego przebudowywanego. Uczestnicy pracowa\u0107 b\u0119d\u0105 w kilkuosobowych zespo\u0142ach przy wsparciu os\u00f3b prowadz\u0105cych<\/p>\n\n\n\n<p>Spotkanie zako\u0144czy si\u0119 om\u00f3wieniem proponowanych rozwi\u0105za\u0144 oraz dyskusj\u0105.<\/p>\n\n\n\n<p><strong>HARMONOGRAM:&nbsp;<\/strong><\/p>\n\n\n\n<p>15.00-16.00 \u2013 om\u00f3wienie problematyki zagospodarowania wody i mo\u017cliwych rozwi\u0105za\u0144 \u2013 prezentacja. Prowadzenie: arch. Joanna Rayss<\/p>\n\n\n\n<p>16.00-16.15 \u2013 pytania&nbsp;<\/p>\n\n\n\n<p>16.15-16.30 \u2013 przerwa&nbsp;<\/p>\n\n\n\n<p>16.30-17.30 \u2013 praca warsztatowa w zespo\u0142ach<\/p>\n\n\n\n<p>16.30-16.45 \u2013 przerwa<\/p>\n\n\n\n<p>16.45-17.45 \u2013 om\u00f3wienie zaproponowanych rozwi\u0105za\u0144 (prezentacja rozwi\u0105za\u0144 opracowanych przez zespo\u0142y, dyskusja, wnioski)&nbsp;&nbsp;<\/p>\n\n\n\n<p><strong>TERMIN:<\/strong> 10.10.2024, godzina 15.00<\/p>\n\n\n\n<p><strong>LOKALIZACJA:<\/strong> Sala Lustrzana OW SARP, Foksal 2, Warszawa&nbsp;<\/p>\n\n\n\n<p>Serdecznie zapraszamy wszystkich ch\u0119tnych na zdobycie praktycznej wiedzy kt\u00f3r\u0105 mo\u017cna wykorzysta\u0107 w pracy projektowej.<\/p>\n\n\n\n<p><strong>Na wydarzenie obowi\u0105zuje kolejno\u015b\u0107 zapis\u00f3w !<\/strong><\/p>\n\n\n\n<p>Zapisy na e-mail: <strong>kontakt@sarp.warszawa.pl<\/strong><\/p>\n\n\n\n<p><\/p>\n\n\n\n<figure class=\"wp-block-image size-large\"><img decoding=\"async\" loading=\"lazy\" width=\"1024\" height=\"536\" src=\"https:\/\/architekcidlaklimatu.sarp.warszawa.pl\/wp-content\/uploads\/2024\/09\/ADK_woda-deszczowa_grafika-1024x536.jpg\" alt=\"\" class=\"wp-image-697\" srcset=\"http:\/\/architekcidlaklimatu.sarp.warszawa.pl\/wp-content\/uploads\/2024\/09\/ADK_woda-deszczowa_grafika-1024x536.jpg 1024w, http:\/\/architekcidlaklimatu.sarp.warszawa.pl\/wp-content\/uploads\/2024\/09\/ADK_woda-deszczowa_grafika-300x157.jpg 300w, http:\/\/architekcidlaklimatu.sarp.warszawa.pl\/wp-content\/uploads\/2024\/09\/ADK_woda-deszczowa_grafika-768x402.jpg 768w, http:\/\/architekcidlaklimatu.sarp.warszawa.pl\/wp-content\/uploads\/2024\/09\/ADK_woda-deszczowa_grafika-1536x804.jpg 1536w, http:\/\/architekcidlaklimatu.sarp.warszawa.pl\/wp-content\/uploads\/2024\/09\/ADK_woda-deszczowa_grafika-2048x1072.jpg 2048w, http:\/\/architekcidlaklimatu.sarp.warszawa.pl\/wp-content\/uploads\/2024\/09\/ADK_woda-deszczowa_grafika-100x52.jpg 100w, http:\/\/architekcidlaklimatu.sarp.warszawa.pl\/wp-content\/uploads\/2024\/09\/ADK_woda-deszczowa_grafika-150x79.jpg 150w, http:\/\/architekcidlaklimatu.sarp.warszawa.pl\/wp-content\/uploads\/2024\/09\/ADK_woda-deszczowa_grafika-200x105.jpg 200w, http:\/\/architekcidlaklimatu.sarp.warszawa.pl\/wp-content\/uploads\/2024\/09\/ADK_woda-deszczowa_grafika-450x236.jpg 450w, http:\/\/architekcidlaklimatu.sarp.warszawa.pl\/wp-content\/uploads\/2024\/09\/ADK_woda-deszczowa_grafika-600x314.jpg 600w, http:\/\/architekcidlaklimatu.sarp.warszawa.pl\/wp-content\/uploads\/2024\/09\/ADK_woda-deszczowa_grafika-900x471.jpg 900w\" sizes=\"(max-width: 1024px) 100vw, 1024px\" \/><\/figure>\n","protected":false},"excerpt":{"rendered":"<p>Zapraszamy na kolejne wydarzenie z cyklu Architektury dla klimatu pt. Woda w mie\u015bcie \u2013 zagospodarowanie wody deszczowej, organizowane przez Ko\u0142o Architektury Zr\u00f3wnowa\u017conej OW SARP. Wydarzenie jest skierowane do architekt\u00f3w, architekt\u00f3w krajobrazu a tak\u017ce urz\u0119dnik\u00f3w miejskich. Wi\u0119kszo\u015b\u0107 miast oraz teren\u00f3w zurbanizowanych<span class=\"ellipsis\">&hellip;<\/span><\/p>\n<div class=\"read-more\"><a href=\"http:\/\/architekcidlaklimatu.sarp.warszawa.pl\/index.php\/2024\/09\/29\/warsztaty-pt-woda-w-miescie-zagospodarowanie-wody-deszczowej\/\">Czytaj wi\u0119cej <span class=\"screen-reader-text\">Warsztaty pt. Woda w mie\u015bcie \u2013 zagospodarowanie wody deszczowej<\/span><span class=\"meta-nav\"> &#8250;<\/span><\/a><\/div>\n<p><!-- end of .read-more --><\/p>\n","protected":false},"author":1,"featured_media":0,"comment_status":"open","ping_status":"open","sticky":false,"template":"","format":"standard","meta":[],"categories":[1],"tags":[],"_links":{"self":[{"href":"http:\/\/architekcidlaklimatu.sarp.warszawa.pl\/index.php\/wp-json\/wp\/v2\/posts\/696"}],"collection":[{"href":"http:\/\/architekcidlaklimatu.sarp.warszawa.pl\/index.php\/wp-json\/wp\/v2\/posts"}],"about":[{"href":"http:\/\/architekcidlaklimatu.sarp.warszawa.pl\/index.php\/wp-json\/wp\/v2\/types\/post"}],"author":[{"embeddable":true,"href":"http:\/\/architekcidlaklimatu.sarp.warszawa.pl\/index.php\/wp-json\/wp\/v2\/users\/1"}],"replies":[{"embeddable":true,"href":"http:\/\/architekcidlaklimatu.sarp.warszawa.pl\/index.php\/wp-json\/wp\/v2\/comments?post=696"}],"version-history":[{"count":1,"href":"http:\/\/architekcidlaklimatu.sarp.warszawa.pl\/index.php\/wp-json\/wp\/v2\/posts\/696\/revisions"}],"predecessor-version":[{"id":698,"href":"http:\/\/architekcidlaklimatu.sarp.warszawa.pl\/index.php\/wp-json\/wp\/v2\/posts\/696\/revisions\/698"}],"wp:attachment":[{"href":"http:\/\/architekcidlaklimatu.sarp.warszawa.pl\/index.php\/wp-json\/wp\/v2\/media?parent=696"}],"wp:term":[{"taxonomy":"category","embeddable":true,"href":"http:\/\/architekcidlaklimatu.sarp.warszawa.pl\/index.php\/wp-json\/wp\/v2\/categories?post=696"},{"taxonomy":"post_tag","embeddable":true,"href":"http:\/\/architekcidlaklimatu.sarp.warszawa.pl\/index.php\/wp-json\/wp\/v2\/tags?post=696"}],"curies":[{"name":"wp","href":"https:\/\/api.w.org\/{rel}","templated":true}]}}