{"id":699,"date":"2024-10-17T18:43:53","date_gmt":"2024-10-17T16:43:53","guid":{"rendered":"https:\/\/architekcidlaklimatu.sarp.warszawa.pl\/?p=699"},"modified":"2024-10-17T18:43:54","modified_gmt":"2024-10-17T16:43:54","slug":"warsztaty-z-cyklu-architektury-dla-klimatu-pt-woda-w-miescie-zagospodarowanie-wody-deszczowej","status":"publish","type":"post","link":"https:\/\/architekcidlaklimatu.sarp.warszawa.pl\/index.php\/2024\/10\/17\/warsztaty-z-cyklu-architektury-dla-klimatu-pt-woda-w-miescie-zagospodarowanie-wody-deszczowej\/","title":{"rendered":"Warsztaty z cyklu Architektury dla klimatu pt. Woda w mie\u015bcie \u2013 zagospodarowanie wody deszczowej"},"content":{"rendered":"\n<p>Za nami warsztaty z cyklu Architektury dla klimatu pt. Woda w mie\u015bcie \u2013 zagospodarowanie wody deszczowej <img decoding=\"async\" loading=\"lazy\" height=\"16\" width=\"16\" alt=\"\ud83c\udf27\" src=\"https:\/\/static.xx.fbcdn.net\/images\/emoji.php\/v9\/td0\/1\/16\/1f327.png\"><\/p>\n\n\n\n<p>Podczas warsztat\u00f3w prowadz\u0105ca Joanna Rayss przedstawi\u0142a zale\u017cno\u015bci jakie zachodz\u0105 w ekosystemach oraz naturalne rozwi\u0105zania do prawid\u0142owej retencji w\u00f3d opadowych. Nie brakowa\u0142o r\u00f3wnie\u017c przyk\u0142ad\u00f3w b\u0142\u0119dnych praktyk, kt\u00f3re cz\u0119sto wynikaj\u0105 z braku zrozumienia cyklu obiegu wody oraz traktowania zieleni w mie\u015bcie jedynie jako warto\u015bci estetycznej.<\/p>\n\n\n\n<p>Prowadz\u0105ca zwr\u00f3ci\u0142a uwag\u0119 na <a><\/a>kwestie nie tylko ekologiczne, ale r\u00f3wnie\u017c ekonomiczne projektowania ogrod\u00f3w deszczowych, dzi\u0119ki kt\u00f3rym mo\u017cna uzyska\u0107 oszcz\u0119dno\u015bci w por\u00f3wnaniu z betonowaniem zbiornik\u00f3w wodnych.<\/p>\n\n\n\n<p>Podczas spotkania uczestnicy brali udzia\u0142 w warsztatach, podczas kt\u00f3rych nale\u017ca\u0142o zaproponowa\u0107 odprowadzenie wody z teren\u00f3w uszczelnionych, bazuj\u0105c na projektach budynk\u00f3w o r\u00f3\u017cnych funkcjach.<\/p>\n\n\n\n<p>Warsztaty cieszy\u0142y si\u0119 du\u017c\u0105 frekwencj\u0105 oraz licznymi dyskusjami. Dzi\u0119kujemy prowadz\u0105cej Joannie Rayss oraz uczestnikom za wymian\u0119 informacji oraz pozytywn\u0105 atmosfer\u0119!<\/p>\n\n\n\n<p><\/p>\n\n\n\n<figure class=\"wp-block-image size-large\"><img decoding=\"async\" loading=\"lazy\" width=\"1024\" height=\"683\" src=\"https:\/\/architekcidlaklimatu.sarp.warszawa.pl\/wp-content\/uploads\/2024\/10\/1-1024x683.jpg\" alt=\"\" class=\"wp-image-700\" srcset=\"https:\/\/architekcidlaklimatu.sarp.warszawa.pl\/wp-content\/uploads\/2024\/10\/1-1024x683.jpg 1024w, https:\/\/architekcidlaklimatu.sarp.warszawa.pl\/wp-content\/uploads\/2024\/10\/1-300x200.jpg 300w, https:\/\/architekcidlaklimatu.sarp.warszawa.pl\/wp-content\/uploads\/2024\/10\/1-768x512.jpg 768w, https:\/\/architekcidlaklimatu.sarp.warszawa.pl\/wp-content\/uploads\/2024\/10\/1-1536x1024.jpg 1536w, https:\/\/architekcidlaklimatu.sarp.warszawa.pl\/wp-content\/uploads\/2024\/10\/1-2048x1365.jpg 2048w, https:\/\/architekcidlaklimatu.sarp.warszawa.pl\/wp-content\/uploads\/2024\/10\/1-100x67.jpg 100w, https:\/\/architekcidlaklimatu.sarp.warszawa.pl\/wp-content\/uploads\/2024\/10\/1-150x100.jpg 150w, https:\/\/architekcidlaklimatu.sarp.warszawa.pl\/wp-content\/uploads\/2024\/10\/1-200x133.jpg 200w, https:\/\/architekcidlaklimatu.sarp.warszawa.pl\/wp-content\/uploads\/2024\/10\/1-450x300.jpg 450w, https:\/\/architekcidlaklimatu.sarp.warszawa.pl\/wp-content\/uploads\/2024\/10\/1-600x400.jpg 600w, https:\/\/architekcidlaklimatu.sarp.warszawa.pl\/wp-content\/uploads\/2024\/10\/1-900x600.jpg 900w\" sizes=\"(max-width: 1024px) 100vw, 1024px\" \/><\/figure>\n\n\n\n<figure class=\"wp-block-image size-large\"><img decoding=\"async\" loading=\"lazy\" width=\"1024\" height=\"683\" src=\"https:\/\/architekcidlaklimatu.sarp.warszawa.pl\/wp-content\/uploads\/2024\/10\/DSC0775ed1-1024x683.jpg\" alt=\"\" class=\"wp-image-701\" srcset=\"https:\/\/architekcidlaklimatu.sarp.warszawa.pl\/wp-content\/uploads\/2024\/10\/DSC0775ed1-1024x683.jpg 1024w, https:\/\/architekcidlaklimatu.sarp.warszawa.pl\/wp-content\/uploads\/2024\/10\/DSC0775ed1-300x200.jpg 300w, https:\/\/architekcidlaklimatu.sarp.warszawa.pl\/wp-content\/uploads\/2024\/10\/DSC0775ed1-768x512.jpg 768w, https:\/\/architekcidlaklimatu.sarp.warszawa.pl\/wp-content\/uploads\/2024\/10\/DSC0775ed1-1536x1024.jpg 1536w, https:\/\/architekcidlaklimatu.sarp.warszawa.pl\/wp-content\/uploads\/2024\/10\/DSC0775ed1-2048x1365.jpg 2048w, https:\/\/architekcidlaklimatu.sarp.warszawa.pl\/wp-content\/uploads\/2024\/10\/DSC0775ed1-100x67.jpg 100w, https:\/\/architekcidlaklimatu.sarp.warszawa.pl\/wp-content\/uploads\/2024\/10\/DSC0775ed1-150x100.jpg 150w, https:\/\/architekcidlaklimatu.sarp.warszawa.pl\/wp-content\/uploads\/2024\/10\/DSC0775ed1-200x133.jpg 200w, https:\/\/architekcidlaklimatu.sarp.warszawa.pl\/wp-content\/uploads\/2024\/10\/DSC0775ed1-450x300.jpg 450w, https:\/\/architekcidlaklimatu.sarp.warszawa.pl\/wp-content\/uploads\/2024\/10\/DSC0775ed1-600x400.jpg 600w, https:\/\/architekcidlaklimatu.sarp.warszawa.pl\/wp-content\/uploads\/2024\/10\/DSC0775ed1-900x600.jpg 900w\" sizes=\"(max-width: 1024px) 100vw, 1024px\" \/><\/figure>\n\n\n\n<figure class=\"wp-block-image size-large\"><img decoding=\"async\" loading=\"lazy\" width=\"1024\" height=\"683\" src=\"https:\/\/architekcidlaklimatu.sarp.warszawa.pl\/wp-content\/uploads\/2024\/10\/DSCF0633ed1-1024x683.jpg\" alt=\"\" class=\"wp-image-702\" srcset=\"https:\/\/architekcidlaklimatu.sarp.warszawa.pl\/wp-content\/uploads\/2024\/10\/DSCF0633ed1-1024x683.jpg 1024w, https:\/\/architekcidlaklimatu.sarp.warszawa.pl\/wp-content\/uploads\/2024\/10\/DSCF0633ed1-300x200.jpg 300w, https:\/\/architekcidlaklimatu.sarp.warszawa.pl\/wp-content\/uploads\/2024\/10\/DSCF0633ed1-768x512.jpg 768w, https:\/\/architekcidlaklimatu.sarp.warszawa.pl\/wp-content\/uploads\/2024\/10\/DSCF0633ed1-1536x1024.jpg 1536w, https:\/\/architekcidlaklimatu.sarp.warszawa.pl\/wp-content\/uploads\/2024\/10\/DSCF0633ed1-2048x1365.jpg 2048w, https:\/\/architekcidlaklimatu.sarp.warszawa.pl\/wp-content\/uploads\/2024\/10\/DSCF0633ed1-100x67.jpg 100w, https:\/\/architekcidlaklimatu.sarp.warszawa.pl\/wp-content\/uploads\/2024\/10\/DSCF0633ed1-150x100.jpg 150w, https:\/\/architekcidlaklimatu.sarp.warszawa.pl\/wp-content\/uploads\/2024\/10\/DSCF0633ed1-200x133.jpg 200w, https:\/\/architekcidlaklimatu.sarp.warszawa.pl\/wp-content\/uploads\/2024\/10\/DSCF0633ed1-450x300.jpg 450w, https:\/\/architekcidlaklimatu.sarp.warszawa.pl\/wp-content\/uploads\/2024\/10\/DSCF0633ed1-600x400.jpg 600w, https:\/\/architekcidlaklimatu.sarp.warszawa.pl\/wp-content\/uploads\/2024\/10\/DSCF0633ed1-900x600.jpg 900w\" sizes=\"(max-width: 1024px) 100vw, 1024px\" \/><\/figure>\n\n\n\n<figure class=\"wp-block-image size-large\"><img decoding=\"async\" loading=\"lazy\" width=\"1024\" height=\"683\" src=\"https:\/\/architekcidlaklimatu.sarp.warszawa.pl\/wp-content\/uploads\/2024\/10\/DSCF0644ed1-1024x683.jpg\" alt=\"\" class=\"wp-image-703\" srcset=\"https:\/\/architekcidlaklimatu.sarp.warszawa.pl\/wp-content\/uploads\/2024\/10\/DSCF0644ed1-1024x683.jpg 1024w, https:\/\/architekcidlaklimatu.sarp.warszawa.pl\/wp-content\/uploads\/2024\/10\/DSCF0644ed1-300x200.jpg 300w, https:\/\/architekcidlaklimatu.sarp.warszawa.pl\/wp-content\/uploads\/2024\/10\/DSCF0644ed1-768x512.jpg 768w, https:\/\/architekcidlaklimatu.sarp.warszawa.pl\/wp-content\/uploads\/2024\/10\/DSCF0644ed1-1536x1024.jpg 1536w, https:\/\/architekcidlaklimatu.sarp.warszawa.pl\/wp-content\/uploads\/2024\/10\/DSCF0644ed1-2048x1365.jpg 2048w, https:\/\/architekcidlaklimatu.sarp.warszawa.pl\/wp-content\/uploads\/2024\/10\/DSCF0644ed1-100x67.jpg 100w, https:\/\/architekcidlaklimatu.sarp.warszawa.pl\/wp-content\/uploads\/2024\/10\/DSCF0644ed1-150x100.jpg 150w, https:\/\/architekcidlaklimatu.sarp.warszawa.pl\/wp-content\/uploads\/2024\/10\/DSCF0644ed1-200x133.jpg 200w, https:\/\/architekcidlaklimatu.sarp.warszawa.pl\/wp-content\/uploads\/2024\/10\/DSCF0644ed1-450x300.jpg 450w, https:\/\/architekcidlaklimatu.sarp.warszawa.pl\/wp-content\/uploads\/2024\/10\/DSCF0644ed1-600x400.jpg 600w, https:\/\/architekcidlaklimatu.sarp.warszawa.pl\/wp-content\/uploads\/2024\/10\/DSCF0644ed1-900x600.jpg 900w\" sizes=\"(max-width: 1024px) 100vw, 1024px\" \/><\/figure>\n\n\n\n<figure class=\"wp-block-image size-large\"><img decoding=\"async\" loading=\"lazy\" width=\"1024\" height=\"683\" src=\"https:\/\/architekcidlaklimatu.sarp.warszawa.pl\/wp-content\/uploads\/2024\/10\/DSCF0685ed1-1024x683.jpg\" alt=\"\" class=\"wp-image-704\" srcset=\"https:\/\/architekcidlaklimatu.sarp.warszawa.pl\/wp-content\/uploads\/2024\/10\/DSCF0685ed1-1024x683.jpg 1024w, https:\/\/architekcidlaklimatu.sarp.warszawa.pl\/wp-content\/uploads\/2024\/10\/DSCF0685ed1-300x200.jpg 300w, https:\/\/architekcidlaklimatu.sarp.warszawa.pl\/wp-content\/uploads\/2024\/10\/DSCF0685ed1-768x512.jpg 768w, https:\/\/architekcidlaklimatu.sarp.warszawa.pl\/wp-content\/uploads\/2024\/10\/DSCF0685ed1-1536x1024.jpg 1536w, https:\/\/architekcidlaklimatu.sarp.warszawa.pl\/wp-content\/uploads\/2024\/10\/DSCF0685ed1-2048x1365.jpg 2048w, https:\/\/architekcidlaklimatu.sarp.warszawa.pl\/wp-content\/uploads\/2024\/10\/DSCF0685ed1-100x67.jpg 100w, https:\/\/architekcidlaklimatu.sarp.warszawa.pl\/wp-content\/uploads\/2024\/10\/DSCF0685ed1-150x100.jpg 150w, https:\/\/architekcidlaklimatu.sarp.warszawa.pl\/wp-content\/uploads\/2024\/10\/DSCF0685ed1-200x133.jpg 200w, https:\/\/architekcidlaklimatu.sarp.warszawa.pl\/wp-content\/uploads\/2024\/10\/DSCF0685ed1-450x300.jpg 450w, https:\/\/architekcidlaklimatu.sarp.warszawa.pl\/wp-content\/uploads\/2024\/10\/DSCF0685ed1-600x400.jpg 600w, https:\/\/architekcidlaklimatu.sarp.warszawa.pl\/wp-content\/uploads\/2024\/10\/DSCF0685ed1-900x600.jpg 900w\" sizes=\"(max-width: 1024px) 100vw, 1024px\" \/><\/figure>\n\n\n\n<figure class=\"wp-block-image size-large\"><img decoding=\"async\" loading=\"lazy\" width=\"1024\" height=\"683\" src=\"https:\/\/architekcidlaklimatu.sarp.warszawa.pl\/wp-content\/uploads\/2024\/10\/DSCF0708ed1-1024x683.jpg\" alt=\"\" class=\"wp-image-705\" srcset=\"https:\/\/architekcidlaklimatu.sarp.warszawa.pl\/wp-content\/uploads\/2024\/10\/DSCF0708ed1-1024x683.jpg 1024w, https:\/\/architekcidlaklimatu.sarp.warszawa.pl\/wp-content\/uploads\/2024\/10\/DSCF0708ed1-300x200.jpg 300w, https:\/\/architekcidlaklimatu.sarp.warszawa.pl\/wp-content\/uploads\/2024\/10\/DSCF0708ed1-768x512.jpg 768w, https:\/\/architekcidlaklimatu.sarp.warszawa.pl\/wp-content\/uploads\/2024\/10\/DSCF0708ed1-1536x1024.jpg 1536w, https:\/\/architekcidlaklimatu.sarp.warszawa.pl\/wp-content\/uploads\/2024\/10\/DSCF0708ed1-2048x1365.jpg 2048w, https:\/\/architekcidlaklimatu.sarp.warszawa.pl\/wp-content\/uploads\/2024\/10\/DSCF0708ed1-100x67.jpg 100w, https:\/\/architekcidlaklimatu.sarp.warszawa.pl\/wp-content\/uploads\/2024\/10\/DSCF0708ed1-150x100.jpg 150w, https:\/\/architekcidlaklimatu.sarp.warszawa.pl\/wp-content\/uploads\/2024\/10\/DSCF0708ed1-200x133.jpg 200w, https:\/\/architekcidlaklimatu.sarp.warszawa.pl\/wp-content\/uploads\/2024\/10\/DSCF0708ed1-450x300.jpg 450w, https:\/\/architekcidlaklimatu.sarp.warszawa.pl\/wp-content\/uploads\/2024\/10\/DSCF0708ed1-600x400.jpg 600w, https:\/\/architekcidlaklimatu.sarp.warszawa.pl\/wp-content\/uploads\/2024\/10\/DSCF0708ed1-900x600.jpg 900w\" sizes=\"(max-width: 1024px) 100vw, 1024px\" \/><\/figure>\n\n\n\n<figure class=\"wp-block-image size-large\"><img decoding=\"async\" loading=\"lazy\" width=\"1024\" height=\"683\" src=\"https:\/\/architekcidlaklimatu.sarp.warszawa.pl\/wp-content\/uploads\/2024\/10\/DSCF0720ed1-1024x683.jpg\" alt=\"\" class=\"wp-image-706\" srcset=\"https:\/\/architekcidlaklimatu.sarp.warszawa.pl\/wp-content\/uploads\/2024\/10\/DSCF0720ed1-1024x683.jpg 1024w, https:\/\/architekcidlaklimatu.sarp.warszawa.pl\/wp-content\/uploads\/2024\/10\/DSCF0720ed1-300x200.jpg 300w, https:\/\/architekcidlaklimatu.sarp.warszawa.pl\/wp-content\/uploads\/2024\/10\/DSCF0720ed1-768x512.jpg 768w, https:\/\/architekcidlaklimatu.sarp.warszawa.pl\/wp-content\/uploads\/2024\/10\/DSCF0720ed1-1536x1024.jpg 1536w, https:\/\/architekcidlaklimatu.sarp.warszawa.pl\/wp-content\/uploads\/2024\/10\/DSCF0720ed1-2048x1365.jpg 2048w, https:\/\/architekcidlaklimatu.sarp.warszawa.pl\/wp-content\/uploads\/2024\/10\/DSCF0720ed1-100x67.jpg 100w, https:\/\/architekcidlaklimatu.sarp.warszawa.pl\/wp-content\/uploads\/2024\/10\/DSCF0720ed1-150x100.jpg 150w, https:\/\/architekcidlaklimatu.sarp.warszawa.pl\/wp-content\/uploads\/2024\/10\/DSCF0720ed1-200x133.jpg 200w, https:\/\/architekcidlaklimatu.sarp.warszawa.pl\/wp-content\/uploads\/2024\/10\/DSCF0720ed1-450x300.jpg 450w, https:\/\/architekcidlaklimatu.sarp.warszawa.pl\/wp-content\/uploads\/2024\/10\/DSCF0720ed1-600x400.jpg 600w, https:\/\/architekcidlaklimatu.sarp.warszawa.pl\/wp-content\/uploads\/2024\/10\/DSCF0720ed1-900x600.jpg 900w\" sizes=\"(max-width: 1024px) 100vw, 1024px\" \/><\/figure>\n\n\n\n<figure class=\"wp-block-image size-large\"><img decoding=\"async\" loading=\"lazy\" width=\"1024\" height=\"683\" src=\"https:\/\/architekcidlaklimatu.sarp.warszawa.pl\/wp-content\/uploads\/2024\/10\/DSCF0753ed1-1024x683.jpg\" alt=\"\" class=\"wp-image-707\" srcset=\"https:\/\/architekcidlaklimatu.sarp.warszawa.pl\/wp-content\/uploads\/2024\/10\/DSCF0753ed1-1024x683.jpg 1024w, https:\/\/architekcidlaklimatu.sarp.warszawa.pl\/wp-content\/uploads\/2024\/10\/DSCF0753ed1-300x200.jpg 300w, https:\/\/architekcidlaklimatu.sarp.warszawa.pl\/wp-content\/uploads\/2024\/10\/DSCF0753ed1-768x512.jpg 768w, https:\/\/architekcidlaklimatu.sarp.warszawa.pl\/wp-content\/uploads\/2024\/10\/DSCF0753ed1-1536x1024.jpg 1536w, https:\/\/architekcidlaklimatu.sarp.warszawa.pl\/wp-content\/uploads\/2024\/10\/DSCF0753ed1-2048x1365.jpg 2048w, https:\/\/architekcidlaklimatu.sarp.warszawa.pl\/wp-content\/uploads\/2024\/10\/DSCF0753ed1-100x67.jpg 100w, https:\/\/architekcidlaklimatu.sarp.warszawa.pl\/wp-content\/uploads\/2024\/10\/DSCF0753ed1-150x100.jpg 150w, https:\/\/architekcidlaklimatu.sarp.warszawa.pl\/wp-content\/uploads\/2024\/10\/DSCF0753ed1-200x133.jpg 200w, https:\/\/architekcidlaklimatu.sarp.warszawa.pl\/wp-content\/uploads\/2024\/10\/DSCF0753ed1-450x300.jpg 450w, https:\/\/architekcidlaklimatu.sarp.warszawa.pl\/wp-content\/uploads\/2024\/10\/DSCF0753ed1-600x400.jpg 600w, https:\/\/architekcidlaklimatu.sarp.warszawa.pl\/wp-content\/uploads\/2024\/10\/DSCF0753ed1-900x600.jpg 900w\" sizes=\"(max-width: 1024px) 100vw, 1024px\" \/><\/figure>\n\n\n\n<figure class=\"wp-block-image size-large\"><img decoding=\"async\" loading=\"lazy\" width=\"1024\" height=\"683\" src=\"https:\/\/architekcidlaklimatu.sarp.warszawa.pl\/wp-content\/uploads\/2024\/10\/DSCF0781ed1-1024x683.jpg\" alt=\"\" class=\"wp-image-708\" srcset=\"https:\/\/architekcidlaklimatu.sarp.warszawa.pl\/wp-content\/uploads\/2024\/10\/DSCF0781ed1-1024x683.jpg 1024w, https:\/\/architekcidlaklimatu.sarp.warszawa.pl\/wp-content\/uploads\/2024\/10\/DSCF0781ed1-300x200.jpg 300w, https:\/\/architekcidlaklimatu.sarp.warszawa.pl\/wp-content\/uploads\/2024\/10\/DSCF0781ed1-768x512.jpg 768w, https:\/\/architekcidlaklimatu.sarp.warszawa.pl\/wp-content\/uploads\/2024\/10\/DSCF0781ed1-1536x1024.jpg 1536w, https:\/\/architekcidlaklimatu.sarp.warszawa.pl\/wp-content\/uploads\/2024\/10\/DSCF0781ed1-2048x1365.jpg 2048w, https:\/\/architekcidlaklimatu.sarp.warszawa.pl\/wp-content\/uploads\/2024\/10\/DSCF0781ed1-100x67.jpg 100w, https:\/\/architekcidlaklimatu.sarp.warszawa.pl\/wp-content\/uploads\/2024\/10\/DSCF0781ed1-150x100.jpg 150w, https:\/\/architekcidlaklimatu.sarp.warszawa.pl\/wp-content\/uploads\/2024\/10\/DSCF0781ed1-200x133.jpg 200w, https:\/\/architekcidlaklimatu.sarp.warszawa.pl\/wp-content\/uploads\/2024\/10\/DSCF0781ed1-450x300.jpg 450w, https:\/\/architekcidlaklimatu.sarp.warszawa.pl\/wp-content\/uploads\/2024\/10\/DSCF0781ed1-600x400.jpg 600w, https:\/\/architekcidlaklimatu.sarp.warszawa.pl\/wp-content\/uploads\/2024\/10\/DSCF0781ed1-900x600.jpg 900w\" sizes=\"(max-width: 1024px) 100vw, 1024px\" \/><\/figure>\n\n\n\n<figure class=\"wp-block-image size-large\"><img decoding=\"async\" loading=\"lazy\" width=\"1024\" height=\"683\" src=\"https:\/\/architekcidlaklimatu.sarp.warszawa.pl\/wp-content\/uploads\/2024\/10\/DSCF0796ed1-1024x683.jpg\" alt=\"\" class=\"wp-image-709\" srcset=\"https:\/\/architekcidlaklimatu.sarp.warszawa.pl\/wp-content\/uploads\/2024\/10\/DSCF0796ed1-1024x683.jpg 1024w, https:\/\/architekcidlaklimatu.sarp.warszawa.pl\/wp-content\/uploads\/2024\/10\/DSCF0796ed1-300x200.jpg 300w, https:\/\/architekcidlaklimatu.sarp.warszawa.pl\/wp-content\/uploads\/2024\/10\/DSCF0796ed1-768x512.jpg 768w, https:\/\/architekcidlaklimatu.sarp.warszawa.pl\/wp-content\/uploads\/2024\/10\/DSCF0796ed1-1536x1024.jpg 1536w, https:\/\/architekcidlaklimatu.sarp.warszawa.pl\/wp-content\/uploads\/2024\/10\/DSCF0796ed1-2048x1365.jpg 2048w, https:\/\/architekcidlaklimatu.sarp.warszawa.pl\/wp-content\/uploads\/2024\/10\/DSCF0796ed1-100x67.jpg 100w, https:\/\/architekcidlaklimatu.sarp.warszawa.pl\/wp-content\/uploads\/2024\/10\/DSCF0796ed1-150x100.jpg 150w, https:\/\/architekcidlaklimatu.sarp.warszawa.pl\/wp-content\/uploads\/2024\/10\/DSCF0796ed1-200x133.jpg 200w, https:\/\/architekcidlaklimatu.sarp.warszawa.pl\/wp-content\/uploads\/2024\/10\/DSCF0796ed1-450x300.jpg 450w, https:\/\/architekcidlaklimatu.sarp.warszawa.pl\/wp-content\/uploads\/2024\/10\/DSCF0796ed1-600x400.jpg 600w, https:\/\/architekcidlaklimatu.sarp.warszawa.pl\/wp-content\/uploads\/2024\/10\/DSCF0796ed1-900x600.jpg 900w\" sizes=\"(max-width: 1024px) 100vw, 1024px\" \/><\/figure>\n\n\n\n<figure class=\"wp-block-image size-large\"><img decoding=\"async\" loading=\"lazy\" width=\"1024\" height=\"683\" src=\"https:\/\/architekcidlaklimatu.sarp.warszawa.pl\/wp-content\/uploads\/2024\/10\/DSCF2407ed1.2-1024x683.jpg\" alt=\"\" class=\"wp-image-710\" srcset=\"https:\/\/architekcidlaklimatu.sarp.warszawa.pl\/wp-content\/uploads\/2024\/10\/DSCF2407ed1.2-1024x683.jpg 1024w, https:\/\/architekcidlaklimatu.sarp.warszawa.pl\/wp-content\/uploads\/2024\/10\/DSCF2407ed1.2-300x200.jpg 300w, https:\/\/architekcidlaklimatu.sarp.warszawa.pl\/wp-content\/uploads\/2024\/10\/DSCF2407ed1.2-768x512.jpg 768w, https:\/\/architekcidlaklimatu.sarp.warszawa.pl\/wp-content\/uploads\/2024\/10\/DSCF2407ed1.2-1536x1024.jpg 1536w, https:\/\/architekcidlaklimatu.sarp.warszawa.pl\/wp-content\/uploads\/2024\/10\/DSCF2407ed1.2-2048x1365.jpg 2048w, https:\/\/architekcidlaklimatu.sarp.warszawa.pl\/wp-content\/uploads\/2024\/10\/DSCF2407ed1.2-100x67.jpg 100w, https:\/\/architekcidlaklimatu.sarp.warszawa.pl\/wp-content\/uploads\/2024\/10\/DSCF2407ed1.2-150x100.jpg 150w, https:\/\/architekcidlaklimatu.sarp.warszawa.pl\/wp-content\/uploads\/2024\/10\/DSCF2407ed1.2-200x133.jpg 200w, https:\/\/architekcidlaklimatu.sarp.warszawa.pl\/wp-content\/uploads\/2024\/10\/DSCF2407ed1.2-450x300.jpg 450w, https:\/\/architekcidlaklimatu.sarp.warszawa.pl\/wp-content\/uploads\/2024\/10\/DSCF2407ed1.2-600x400.jpg 600w, https:\/\/architekcidlaklimatu.sarp.warszawa.pl\/wp-content\/uploads\/2024\/10\/DSCF2407ed1.2-900x600.jpg 900w\" sizes=\"(max-width: 1024px) 100vw, 1024px\" \/><\/figure>\n\n\n\n<figure class=\"wp-block-image size-large\"><img decoding=\"async\" loading=\"lazy\" width=\"1024\" height=\"683\" src=\"https:\/\/architekcidlaklimatu.sarp.warszawa.pl\/wp-content\/uploads\/2024\/10\/DSCF2438ed1.2-1024x683.jpg\" alt=\"\" class=\"wp-image-711\" srcset=\"https:\/\/architekcidlaklimatu.sarp.warszawa.pl\/wp-content\/uploads\/2024\/10\/DSCF2438ed1.2-1024x683.jpg 1024w, https:\/\/architekcidlaklimatu.sarp.warszawa.pl\/wp-content\/uploads\/2024\/10\/DSCF2438ed1.2-300x200.jpg 300w, https:\/\/architekcidlaklimatu.sarp.warszawa.pl\/wp-content\/uploads\/2024\/10\/DSCF2438ed1.2-768x512.jpg 768w, https:\/\/architekcidlaklimatu.sarp.warszawa.pl\/wp-content\/uploads\/2024\/10\/DSCF2438ed1.2-1536x1024.jpg 1536w, https:\/\/architekcidlaklimatu.sarp.warszawa.pl\/wp-content\/uploads\/2024\/10\/DSCF2438ed1.2-2048x1365.jpg 2048w, https:\/\/architekcidlaklimatu.sarp.warszawa.pl\/wp-content\/uploads\/2024\/10\/DSCF2438ed1.2-100x67.jpg 100w, https:\/\/architekcidlaklimatu.sarp.warszawa.pl\/wp-content\/uploads\/2024\/10\/DSCF2438ed1.2-150x100.jpg 150w, https:\/\/architekcidlaklimatu.sarp.warszawa.pl\/wp-content\/uploads\/2024\/10\/DSCF2438ed1.2-200x133.jpg 200w, https:\/\/architekcidlaklimatu.sarp.warszawa.pl\/wp-content\/uploads\/2024\/10\/DSCF2438ed1.2-450x300.jpg 450w, https:\/\/architekcidlaklimatu.sarp.warszawa.pl\/wp-content\/uploads\/2024\/10\/DSCF2438ed1.2-600x400.jpg 600w, https:\/\/architekcidlaklimatu.sarp.warszawa.pl\/wp-content\/uploads\/2024\/10\/DSCF2438ed1.2-900x600.jpg 900w\" sizes=\"(max-width: 1024px) 100vw, 1024px\" \/><\/figure>\n\n\n\n<figure class=\"wp-block-image size-large\"><img decoding=\"async\" loading=\"lazy\" width=\"1024\" height=\"683\" src=\"https:\/\/architekcidlaklimatu.sarp.warszawa.pl\/wp-content\/uploads\/2024\/10\/DSCF2537ed1-1024x683.jpg\" alt=\"\" class=\"wp-image-712\" srcset=\"https:\/\/architekcidlaklimatu.sarp.warszawa.pl\/wp-content\/uploads\/2024\/10\/DSCF2537ed1-1024x683.jpg 1024w, https:\/\/architekcidlaklimatu.sarp.warszawa.pl\/wp-content\/uploads\/2024\/10\/DSCF2537ed1-300x200.jpg 300w, https:\/\/architekcidlaklimatu.sarp.warszawa.pl\/wp-content\/uploads\/2024\/10\/DSCF2537ed1-768x512.jpg 768w, https:\/\/architekcidlaklimatu.sarp.warszawa.pl\/wp-content\/uploads\/2024\/10\/DSCF2537ed1-1536x1024.jpg 1536w, https:\/\/architekcidlaklimatu.sarp.warszawa.pl\/wp-content\/uploads\/2024\/10\/DSCF2537ed1-2048x1365.jpg 2048w, https:\/\/architekcidlaklimatu.sarp.warszawa.pl\/wp-content\/uploads\/2024\/10\/DSCF2537ed1-100x67.jpg 100w, https:\/\/architekcidlaklimatu.sarp.warszawa.pl\/wp-content\/uploads\/2024\/10\/DSCF2537ed1-150x100.jpg 150w, https:\/\/architekcidlaklimatu.sarp.warszawa.pl\/wp-content\/uploads\/2024\/10\/DSCF2537ed1-200x133.jpg 200w, https:\/\/architekcidlaklimatu.sarp.warszawa.pl\/wp-content\/uploads\/2024\/10\/DSCF2537ed1-450x300.jpg 450w, https:\/\/architekcidlaklimatu.sarp.warszawa.pl\/wp-content\/uploads\/2024\/10\/DSCF2537ed1-600x400.jpg 600w, https:\/\/architekcidlaklimatu.sarp.warszawa.pl\/wp-content\/uploads\/2024\/10\/DSCF2537ed1-900x600.jpg 900w\" sizes=\"(max-width: 1024px) 100vw, 1024px\" \/><\/figure>\n\n\n\n<figure class=\"wp-block-image size-large\"><img decoding=\"async\" loading=\"lazy\" width=\"1024\" height=\"683\" src=\"https:\/\/architekcidlaklimatu.sarp.warszawa.pl\/wp-content\/uploads\/2024\/10\/DSCF2562ed1-1024x683.jpg\" alt=\"\" class=\"wp-image-713\" srcset=\"https:\/\/architekcidlaklimatu.sarp.warszawa.pl\/wp-content\/uploads\/2024\/10\/DSCF2562ed1-1024x683.jpg 1024w, https:\/\/architekcidlaklimatu.sarp.warszawa.pl\/wp-content\/uploads\/2024\/10\/DSCF2562ed1-300x200.jpg 300w, https:\/\/architekcidlaklimatu.sarp.warszawa.pl\/wp-content\/uploads\/2024\/10\/DSCF2562ed1-768x512.jpg 768w, https:\/\/architekcidlaklimatu.sarp.warszawa.pl\/wp-content\/uploads\/2024\/10\/DSCF2562ed1-1536x1024.jpg 1536w, https:\/\/architekcidlaklimatu.sarp.warszawa.pl\/wp-content\/uploads\/2024\/10\/DSCF2562ed1-2048x1365.jpg 2048w, https:\/\/architekcidlaklimatu.sarp.warszawa.pl\/wp-content\/uploads\/2024\/10\/DSCF2562ed1-100x67.jpg 100w, https:\/\/architekcidlaklimatu.sarp.warszawa.pl\/wp-content\/uploads\/2024\/10\/DSCF2562ed1-150x100.jpg 150w, https:\/\/architekcidlaklimatu.sarp.warszawa.pl\/wp-content\/uploads\/2024\/10\/DSCF2562ed1-200x133.jpg 200w, https:\/\/architekcidlaklimatu.sarp.warszawa.pl\/wp-content\/uploads\/2024\/10\/DSCF2562ed1-450x300.jpg 450w, https:\/\/architekcidlaklimatu.sarp.warszawa.pl\/wp-content\/uploads\/2024\/10\/DSCF2562ed1-600x400.jpg 600w, https:\/\/architekcidlaklimatu.sarp.warszawa.pl\/wp-content\/uploads\/2024\/10\/DSCF2562ed1-900x600.jpg 900w\" sizes=\"(max-width: 1024px) 100vw, 1024px\" \/><\/figure>\n\n\n\n<figure class=\"wp-block-image size-large\"><img decoding=\"async\" loading=\"lazy\" width=\"1024\" height=\"683\" src=\"https:\/\/architekcidlaklimatu.sarp.warszawa.pl\/wp-content\/uploads\/2024\/10\/DSCF2609ed1-1024x683.jpg\" alt=\"\" class=\"wp-image-714\" srcset=\"https:\/\/architekcidlaklimatu.sarp.warszawa.pl\/wp-content\/uploads\/2024\/10\/DSCF2609ed1-1024x683.jpg 1024w, https:\/\/architekcidlaklimatu.sarp.warszawa.pl\/wp-content\/uploads\/2024\/10\/DSCF2609ed1-300x200.jpg 300w, https:\/\/architekcidlaklimatu.sarp.warszawa.pl\/wp-content\/uploads\/2024\/10\/DSCF2609ed1-768x512.jpg 768w, https:\/\/architekcidlaklimatu.sarp.warszawa.pl\/wp-content\/uploads\/2024\/10\/DSCF2609ed1-1536x1024.jpg 1536w, https:\/\/architekcidlaklimatu.sarp.warszawa.pl\/wp-content\/uploads\/2024\/10\/DSCF2609ed1-2048x1365.jpg 2048w, https:\/\/architekcidlaklimatu.sarp.warszawa.pl\/wp-content\/uploads\/2024\/10\/DSCF2609ed1-100x67.jpg 100w, https:\/\/architekcidlaklimatu.sarp.warszawa.pl\/wp-content\/uploads\/2024\/10\/DSCF2609ed1-150x100.jpg 150w, https:\/\/architekcidlaklimatu.sarp.warszawa.pl\/wp-content\/uploads\/2024\/10\/DSCF2609ed1-200x133.jpg 200w, https:\/\/architekcidlaklimatu.sarp.warszawa.pl\/wp-content\/uploads\/2024\/10\/DSCF2609ed1-450x300.jpg 450w, https:\/\/architekcidlaklimatu.sarp.warszawa.pl\/wp-content\/uploads\/2024\/10\/DSCF2609ed1-600x400.jpg 600w, https:\/\/architekcidlaklimatu.sarp.warszawa.pl\/wp-content\/uploads\/2024\/10\/DSCF2609ed1-900x600.jpg 900w\" sizes=\"(max-width: 1024px) 100vw, 1024px\" \/><\/figure>\n","protected":false},"excerpt":{"rendered":"<p>Za nami warsztaty z cyklu Architektury dla klimatu pt. Woda w mie\u015bcie \u2013 zagospodarowanie wody deszczowej Podczas warsztat\u00f3w prowadz\u0105ca Joanna Rayss przedstawi\u0142a zale\u017cno\u015bci jakie zachodz\u0105 w ekosystemach oraz naturalne rozwi\u0105zania do prawid\u0142owej retencji w\u00f3d opadowych. Nie brakowa\u0142o r\u00f3wnie\u017c przyk\u0142ad\u00f3w b\u0142\u0119dnych<span class=\"ellipsis\">&hellip;<\/span><\/p>\n<div class=\"read-more\"><a href=\"https:\/\/architekcidlaklimatu.sarp.warszawa.pl\/index.php\/2024\/10\/17\/warsztaty-z-cyklu-architektury-dla-klimatu-pt-woda-w-miescie-zagospodarowanie-wody-deszczowej\/\">Czytaj wi\u0119cej <span class=\"screen-reader-text\">Warsztaty z cyklu Architektury dla klimatu pt. Woda w mie\u015bcie \u2013 zagospodarowanie wody deszczowej<\/span><span class=\"meta-nav\"> &#8250;<\/span><\/a><\/div>\n<p><!-- end of .read-more --><\/p>\n","protected":false},"author":1,"featured_media":0,"comment_status":"open","ping_status":"open","sticky":false,"template":"","format":"standard","meta":[],"categories":[1],"tags":[],"_links":{"self":[{"href":"https:\/\/architekcidlaklimatu.sarp.warszawa.pl\/index.php\/wp-json\/wp\/v2\/posts\/699"}],"collection":[{"href":"https:\/\/architekcidlaklimatu.sarp.warszawa.pl\/index.php\/wp-json\/wp\/v2\/posts"}],"about":[{"href":"https:\/\/architekcidlaklimatu.sarp.warszawa.pl\/index.php\/wp-json\/wp\/v2\/types\/post"}],"author":[{"embeddable":true,"href":"https:\/\/architekcidlaklimatu.sarp.warszawa.pl\/index.php\/wp-json\/wp\/v2\/users\/1"}],"replies":[{"embeddable":true,"href":"https:\/\/architekcidlaklimatu.sarp.warszawa.pl\/index.php\/wp-json\/wp\/v2\/comments?post=699"}],"version-history":[{"count":1,"href":"https:\/\/architekcidlaklimatu.sarp.warszawa.pl\/index.php\/wp-json\/wp\/v2\/posts\/699\/revisions"}],"predecessor-version":[{"id":715,"href":"https:\/\/architekcidlaklimatu.sarp.warszawa.pl\/index.php\/wp-json\/wp\/v2\/posts\/699\/revisions\/715"}],"wp:attachment":[{"href":"https:\/\/architekcidlaklimatu.sarp.warszawa.pl\/index.php\/wp-json\/wp\/v2\/media?parent=699"}],"wp:term":[{"taxonomy":"category","embeddable":true,"href":"https:\/\/architekcidlaklimatu.sarp.warszawa.pl\/index.php\/wp-json\/wp\/v2\/categories?post=699"},{"taxonomy":"post_tag","embeddable":true,"href":"https:\/\/architekcidlaklimatu.sarp.warszawa.pl\/index.php\/wp-json\/wp\/v2\/tags?post=699"}],"curies":[{"name":"wp","href":"https:\/\/api.w.org\/{rel}","templated":true}]}}